{"id":10016,"date":"2021-08-23T10:31:37","date_gmt":"2021-08-23T10:31:37","guid":{"rendered":"https:\/\/conakrynews.org\/?p=10016"},"modified":"2021-08-23T14:21:44","modified_gmt":"2021-08-23T14:21:44","slug":"guinee-dr-mohamed-diane-va-assumer-les-fonctions-de-premier-ministre-jusquau-retour-de-kassory-fofana","status":"publish","type":"post","link":"https:\/\/conakrynews.org\/index.php\/guinee-dr-mohamed-diane-va-assumer-les-fonctions-de-premier-ministre-jusquau-retour-de-kassory-fofana\/","title":{"rendered":"Guin\u00e9e: Dr Mohamed Dian\u00e9 va assumer les fonctions de Premier Ministre jusqu\u2019au retour de Kassory Fofana"},"content":{"rendered":"<h1 class=\"name post-title entry-title\"><\/h1>\n<div class=\"clear\"><\/div>\n<div class=\"entry\">\n<p>\u00c0 travers un communiqu\u00e9 publi\u00e9 ce dimanche 22 Ao\u00fbt 2021, le pr\u00e9sident de la R\u00e9publique Pr Alpha Cond\u00e9 a plac\u00e9 sa confiance au ministre d\u2019Etat, ministre de la d\u00e9fense et en charge des activit\u00e9s pr\u00e9sidentielles, Dr Mohamed Dian\u00e9 afin d\u2019assumer les fonctions de premier ministre par int\u00e9rim en pendant l\u2019absence de Dr Ibrahima Kassory Fofana qui a perdu sa fille ain\u00e9e le samedi dernier aux \u00c9tats-Unis.<\/p>\n<p><strong>Voici le communiqu\u00e9 de la Pr\u00e9sidence de la R\u00e9publique<\/strong><\/p>\n<p>Monsieur le Pr\u00e9sident de la R\u00e9publique, son Excellence, Professeur Alpha Cond\u00e9 , r\u00e9it\u00e8re ses sinc\u00e8res condol\u00e9ances au Premier ministre, Chef du Gouvernement , Dr Ibrahima Kassory Fofana , proche collaborateur \u00e0 lui, et son d\u00e9vou\u00e9 jeune fr\u00e8re, suite au d\u00e9c\u00e8s de sa fille a\u00een\u00e9e, Madame Donzo Zenab kassory Fofana . Il exprime, \u00e0 nouveau, \u00e0 toute sa famille sa compassion et son soutien dans ce moment p\u00e9nible.<br \/>\nMonsieur le Pr\u00e9sident de la R\u00e9publique, pendant l\u2019absence du Premier Ministre pour des raisons de famille et jusqu\u2019\u00e0 son retour, a d\u00e9cid\u00e9 que Dr Mohamed Dian\u00e9 , ministre d\u2019Etat, charg\u00e9 des affaires pr\u00e9sidentielles, ministre de la d\u00e9fense nationale, assume les fonctions de Premier Ministre, Chef de Gouvernement, par int\u00e9rim.<\/p>\n<p>Fait \u00e0 Conakry le dimanche 22 Ao\u00fbt 2021<\/p>\n<p>La Pr\u00e9sidence de la R\u00e9publique<\/p>\n<\/div>\n","protected":false},"excerpt":{"rendered":"<p>\u00c0 travers un communiqu\u00e9 publi\u00e9 ce dimanche 22 Ao\u00fbt 2021, le pr\u00e9sident de la R\u00e9publique Pr Alpha Cond\u00e9 a plac\u00e9 sa confiance au ministre d\u2019Etat, ministre de la d\u00e9fense et en charge des activit\u00e9s pr\u00e9sidentielles, Dr Mohamed Dian\u00e9 afin d\u2019assumer les fonctions de premier ministre par int\u00e9rim en pendant l\u2019absence de Dr Ibrahima Kassory Fofana [&hellip;]<\/p>\n","protected":false},"author":2,"featured_media":10017,"comment_status":"closed","ping_status":"closed","sticky":false,"template":"","format":"standard","meta":{"footnotes":""},"categories":[58],"tags":[],"class_list":{"0":"post-10016","1":"post","2":"type-post","3":"status-publish","4":"format-standard","5":"has-post-thumbnail","7":"category-societe"},"_links":{"self":[{"href":"https:\/\/conakrynews.org\/index.php\/wp-json\/wp\/v2\/posts\/10016","targetHints":{"allow":["GET"]}}],"collection":[{"href":"https:\/\/conakrynews.org\/index.php\/wp-json\/wp\/v2\/posts"}],"about":[{"href":"https:\/\/conakrynews.org\/index.php\/wp-json\/wp\/v2\/types\/post"}],"author":[{"embeddable":true,"href":"https:\/\/conakrynews.org\/index.php\/wp-json\/wp\/v2\/users\/2"}],"replies":[{"embeddable":true,"href":"https:\/\/conakrynews.org\/index.php\/wp-json\/wp\/v2\/comments?post=10016"}],"version-history":[{"count":0,"href":"https:\/\/conakrynews.org\/index.php\/wp-json\/wp\/v2\/posts\/10016\/revisions"}],"wp:featuredmedia":[{"embeddable":true,"href":"https:\/\/conakrynews.org\/index.php\/wp-json\/wp\/v2\/media\/10017"}],"wp:attachment":[{"href":"https:\/\/conakrynews.org\/index.php\/wp-json\/wp\/v2\/media?parent=10016"}],"wp:term":[{"taxonomy":"category","embeddable":true,"href":"https:\/\/conakrynews.org\/index.php\/wp-json\/wp\/v2\/categories?post=10016"},{"taxonomy":"post_tag","embeddable":true,"href":"https:\/\/conakrynews.org\/index.php\/wp-json\/wp\/v2\/tags?post=10016"}],"curies":[{"name":"wp","href":"https:\/\/api.w.org\/{rel}","templated":true}]}}