{"id":10029,"date":"2021-08-24T14:46:03","date_gmt":"2021-08-24T14:46:03","guid":{"rendered":"https:\/\/conakrynews.org\/?p=10029"},"modified":"2021-08-25T13:19:17","modified_gmt":"2021-08-25T13:19:17","slug":"lancien-president-du-tchad-hissene-habre-meurt-en-prison-a-dakar","status":"publish","type":"post","link":"https:\/\/conakrynews.org\/index.php\/lancien-president-du-tchad-hissene-habre-meurt-en-prison-a-dakar\/","title":{"rendered":"L\u2019ancien pr\u00e9sident du Tchad, Hiss\u00e8ne Habr\u00e9, meurt en prison \u00e0 Dakar"},"content":{"rendered":"<h1 class=\"name post-title entry-title\"><\/h1>\n<div class=\"clear\"><\/div>\n<div class=\"entry\">\n<p>L\u2019ancien pr\u00e9sident tchadien Hiss\u00e8ne Habr\u00e9 est d\u00e9c\u00e9d\u00e9 \u00e0 79 ans au S\u00e9n\u00e9gal o\u00f9 il avait \u00e9t\u00e9 condamn\u00e9 \u00e0 la prison \u00e0 vie en 2016 pour crimes contre l\u2019humanit\u00e9 \u00e0 l\u2019issue d\u2019un proc\u00e8s sans pr\u00e9c\u00e9dent, a indiqu\u00e9 mardi le ministre s\u00e9n\u00e9galais de la Justice Malick Sall.<\/p>\n<p><em>\u00ab\u00a0Habr\u00e9 a \u00e9t\u00e9 remis entre les mains de son Seigneur\u00a0\u00bb<\/em>, a d\u00e9clar\u00e9 le ministre sur la cha\u00eene TFM.<\/p>\n<p>Les m\u00e9dias s\u00e9n\u00e9galais ont rapport\u00e9 qu\u2019il avait succomb\u00e9 au Covid-19.<\/p>\n<p>Hiss\u00e8ne Habr\u00e9 avait dirig\u00e9 le Tchad de 1982 \u00e0 1990, avant de perdre le pouvoir \u00e0 la faveur d\u2019un coup d\u2019\u00c9tat. Exil\u00e9 au S\u00e9n\u00e9gal, il est arr\u00eat\u00e9 en 2013. Trois ans plus tard, le 30 mai 2016, il est condamn\u00e9 \u00e0 la prison \u00e0 vie \u00e0 l\u2019issue d\u2019un proc\u00e8s sans pr\u00e9c\u00e9dent \u00e0 Dakar, apr\u00e8s avoir \u00e9t\u00e9 d\u00e9clar\u00e9 coupable de crimes contre l\u2019humanit\u00e9, viols, ex\u00e9cutions, esclavage et enl\u00e8vement.<\/p>\n<p>Une commission d\u2019enqu\u00eate tchadienne a chiffr\u00e9 \u00e0 40.000 morts le nombre des victimes de la r\u00e9pression sous le r\u00e9gime Habr\u00e9.<\/p>\n<p><strong>Avec AFP<\/strong><\/p>\n<\/div>\n","protected":false},"excerpt":{"rendered":"<p>L\u2019ancien pr\u00e9sident tchadien Hiss\u00e8ne Habr\u00e9 est d\u00e9c\u00e9d\u00e9 \u00e0 79 ans au S\u00e9n\u00e9gal o\u00f9 il avait \u00e9t\u00e9 condamn\u00e9 \u00e0 la prison \u00e0 vie en 2016 pour crimes contre l\u2019humanit\u00e9 \u00e0 l\u2019issue d\u2019un proc\u00e8s sans pr\u00e9c\u00e9dent, a indiqu\u00e9 mardi le ministre s\u00e9n\u00e9galais de la Justice Malick Sall. \u00ab\u00a0Habr\u00e9 a \u00e9t\u00e9 remis entre les mains de son Seigneur\u00a0\u00bb, [&hellip;]<\/p>\n","protected":false},"author":2,"featured_media":10030,"comment_status":"closed","ping_status":"closed","sticky":false,"template":"","format":"standard","meta":{"footnotes":""},"categories":[58],"tags":[],"class_list":{"0":"post-10029","1":"post","2":"type-post","3":"status-publish","4":"format-standard","5":"has-post-thumbnail","7":"category-societe"},"_links":{"self":[{"href":"https:\/\/conakrynews.org\/index.php\/wp-json\/wp\/v2\/posts\/10029","targetHints":{"allow":["GET"]}}],"collection":[{"href":"https:\/\/conakrynews.org\/index.php\/wp-json\/wp\/v2\/posts"}],"about":[{"href":"https:\/\/conakrynews.org\/index.php\/wp-json\/wp\/v2\/types\/post"}],"author":[{"embeddable":true,"href":"https:\/\/conakrynews.org\/index.php\/wp-json\/wp\/v2\/users\/2"}],"replies":[{"embeddable":true,"href":"https:\/\/conakrynews.org\/index.php\/wp-json\/wp\/v2\/comments?post=10029"}],"version-history":[{"count":0,"href":"https:\/\/conakrynews.org\/index.php\/wp-json\/wp\/v2\/posts\/10029\/revisions"}],"wp:featuredmedia":[{"embeddable":true,"href":"https:\/\/conakrynews.org\/index.php\/wp-json\/wp\/v2\/media\/10030"}],"wp:attachment":[{"href":"https:\/\/conakrynews.org\/index.php\/wp-json\/wp\/v2\/media?parent=10029"}],"wp:term":[{"taxonomy":"category","embeddable":true,"href":"https:\/\/conakrynews.org\/index.php\/wp-json\/wp\/v2\/categories?post=10029"},{"taxonomy":"post_tag","embeddable":true,"href":"https:\/\/conakrynews.org\/index.php\/wp-json\/wp\/v2\/tags?post=10029"}],"curies":[{"name":"wp","href":"https:\/\/api.w.org\/{rel}","templated":true}]}}