{"id":10033,"date":"2021-08-24T14:52:33","date_gmt":"2021-08-24T14:52:33","guid":{"rendered":"https:\/\/conakrynews.org\/?p=10033"},"modified":"2021-08-25T13:19:13","modified_gmt":"2021-08-25T13:19:13","slug":"page-noire-deces-du-general-mamadouba-toto-camara-a-conakry","status":"publish","type":"post","link":"https:\/\/conakrynews.org\/index.php\/page-noire-deces-du-general-mamadouba-toto-camara-a-conakry\/","title":{"rendered":"Page Noire : D\u00e9c\u00e8s du g\u00e9n\u00e9ral Mamadouba Toto Camara \u00e0 Conakry"},"content":{"rendered":"<h1 class=\"name post-title entry-title\"><\/h1>\n<div class=\"clear\"><\/div>\n<div class=\"entry\">\n<p>LE g\u00e9n\u00e9ral Mamadouba Toto CAMARA, ancien num\u00e9ro 3 du CNDD est d\u00e9c\u00e9d\u00e9 ce lundi 23 Ao\u00fbt 2021\u00a0 par suite d\u2019une maladie \u00e0 Conakry.<\/p>\n<p>Cette annonce a \u00e9t\u00e9 faite \u00e0 travers un communiqu\u00e9 publi\u00e9 sur la page Facebook du minist\u00e8re de la d\u00e9fense nationale.<\/p>\n<p><strong>Voici le contenu dudit communiqu\u00e9<\/strong><\/p>\n<p>Le ministre d\u2019\u00c9tat charg\u00e9 des Affaires pr\u00e9sidentielles\/ministre de la D\u00e9fense nationale a la profonde douleur d\u2019annoncer le d\u00e9c\u00e8s du g\u00e9n\u00e9ral de division Mamadouba Toto Camara, ancien ministre.<br \/>\nD\u00e9c\u00e8s survenu le lundi 23 ao\u00fbt 2021 \u00e0 Conakry, des suites de maladie.<br \/>\nEn cette douloureuse circonstance, le ministre de la D\u00e9fense pr\u00e9sente ses condol\u00e9ances les plus attrist\u00e9es \u00e0 la famille \u00e9plor\u00e9e, au pr\u00e9sident de la r\u00e9publique, chef supr\u00eame des Arm\u00e9es, au Chef d\u2019\u00c9tat-major g\u00e9n\u00e9ral des Arm\u00e9es ainsi qu\u2019\u00e0 l\u2019ensemble des Forces de d\u00e9fense et de s\u00e9curit\u00e9.<br \/>\nLe programme des obs\u00e8ques fera l\u2019objet d\u2019un autre communiqu\u00e9.<br \/>\nQue l\u2019\u00e2me du g\u00e9n\u00e9ral Toto Camara repose en paix. Amen!<\/p>\n<p>&nbsp;<\/p>\n<p><b>Saran Nab\u00e9<\/b><\/p>\n<\/div>\n","protected":false},"excerpt":{"rendered":"<p>LE g\u00e9n\u00e9ral Mamadouba Toto CAMARA, ancien num\u00e9ro 3 du CNDD est d\u00e9c\u00e9d\u00e9 ce lundi 23 Ao\u00fbt 2021\u00a0 par suite d\u2019une maladie \u00e0 Conakry. Cette annonce a \u00e9t\u00e9 faite \u00e0 travers un communiqu\u00e9 publi\u00e9 sur la page Facebook du minist\u00e8re de la d\u00e9fense nationale. Voici le contenu dudit communiqu\u00e9 Le ministre d\u2019\u00c9tat charg\u00e9 des Affaires pr\u00e9sidentielles\/ministre [&hellip;]<\/p>\n","protected":false},"author":2,"featured_media":10034,"comment_status":"closed","ping_status":"closed","sticky":false,"template":"","format":"standard","meta":{"footnotes":""},"categories":[58],"tags":[],"class_list":{"0":"post-10033","1":"post","2":"type-post","3":"status-publish","4":"format-standard","5":"has-post-thumbnail","7":"category-societe"},"_links":{"self":[{"href":"https:\/\/conakrynews.org\/index.php\/wp-json\/wp\/v2\/posts\/10033","targetHints":{"allow":["GET"]}}],"collection":[{"href":"https:\/\/conakrynews.org\/index.php\/wp-json\/wp\/v2\/posts"}],"about":[{"href":"https:\/\/conakrynews.org\/index.php\/wp-json\/wp\/v2\/types\/post"}],"author":[{"embeddable":true,"href":"https:\/\/conakrynews.org\/index.php\/wp-json\/wp\/v2\/users\/2"}],"replies":[{"embeddable":true,"href":"https:\/\/conakrynews.org\/index.php\/wp-json\/wp\/v2\/comments?post=10033"}],"version-history":[{"count":0,"href":"https:\/\/conakrynews.org\/index.php\/wp-json\/wp\/v2\/posts\/10033\/revisions"}],"wp:featuredmedia":[{"embeddable":true,"href":"https:\/\/conakrynews.org\/index.php\/wp-json\/wp\/v2\/media\/10034"}],"wp:attachment":[{"href":"https:\/\/conakrynews.org\/index.php\/wp-json\/wp\/v2\/media?parent=10033"}],"wp:term":[{"taxonomy":"category","embeddable":true,"href":"https:\/\/conakrynews.org\/index.php\/wp-json\/wp\/v2\/categories?post=10033"},{"taxonomy":"post_tag","embeddable":true,"href":"https:\/\/conakrynews.org\/index.php\/wp-json\/wp\/v2\/tags?post=10033"}],"curies":[{"name":"wp","href":"https:\/\/api.w.org\/{rel}","templated":true}]}}