{"id":10048,"date":"2021-08-25T13:37:56","date_gmt":"2021-08-25T13:37:56","guid":{"rendered":"https:\/\/conakrynews.org\/?p=10048"},"modified":"2021-08-25T14:03:33","modified_gmt":"2021-08-25T14:03:33","slug":"prelevement-de-5-du-salaire-des-fonctionnaires-detat-la-cntg-demande-aux-travailleurs-et-retraites-de-soutenir-linitiative","status":"publish","type":"post","link":"https:\/\/conakrynews.org\/index.php\/prelevement-de-5-du-salaire-des-fonctionnaires-detat-la-cntg-demande-aux-travailleurs-et-retraites-de-soutenir-linitiative\/","title":{"rendered":"Guin\u00e9e\/Pr\u00e9l\u00e8vement de 5% du salaire des fonctionnaires d\u2019Etat: la CNTG demande aux travailleurs et retrait\u00e9s de soutenir l\u2019initiative"},"content":{"rendered":"<h1 class=\"name post-title entry-title\" style=\"text-align: right;\"><\/h1>\n<div class=\"clear\"><\/div>\n<div class=\"entry\">\n<p>Dans une d\u00e9claration rendue public ce mercredi 25 ao\u00fbt 2021, les responsables de la Conf\u00e9d\u00e9ration Nationale des Travailleurs de Guin\u00e9e (CNTG) ont appel\u00e9 l\u2019ensemble des travailleurs et retrait\u00e9s de soutenir cette op\u00e9rationnalisation du pr\u00e9l\u00e8vement de 5% sur leur salaire des fonctionnaires et 2% chez les retrait\u00e9s.<\/p>\n<p>Selon le secr\u00e9taire de g\u00e9n\u00e9ral de la CNTG, Camarade Amadou Diallo, \u00a0lors des tourn\u00e9es \u00e0 l\u2019int\u00e9rieur du pays, il a avait\u00a0 invit\u00e9 tous les fonctionnaires et les retrait\u00e9s \u00e0 soutenir activement et positivement \u00a0l\u2019op\u00e9rationnalisation des deux institutions en payant r\u00e9guli\u00e8rement leur part de cotisation qui s\u2019\u00e9l\u00e8ve \u00e0 5% du salaire mensuel pour les actifs et 2% de la pension mensuelle aussi pour les retrait\u00e9s.<\/p>\n<p>\u00ab\u00a0\u00a0Aux responsables syndicaux particuli\u00e8rement de toutes les Centrales, je demande d\u2019\u00e9viter les propos va-t\u2019en guerre quand on sait la port\u00e9e d\u2019un discours relative aux salari\u00e9s. Lors qu\u2019on ne connait pas et qu\u2019on ne ma\u00eetrise pas\u00a0 un dossier, on se donne la sagesse\u00a0 d\u2019aller \u00e0 la source pour avoir la bonne information\u00a0\u00bb.<\/p>\n<p>Poursuivant, \u00a0il a soulign\u00e9 que les responsables syndicaux ont l\u2019obligation morale de respecter voire d\u2019honorer la m\u00e9moire de leurs camarades morts, l\u2019arme \u00e0 la main pour l\u2019aboutissement de cette historique initiative qui restera \u00e0 jamais dans les annales du mouvement syndical guin\u00e9en.<\/p>\n<p>\u00ab\u00a0Feu Louis M\u2019Bemba SOUMAH, ancien Secr\u00e9taire G\u00e9n\u00e9ral de l\u2019USTG et ElHadj Mamadou MANSARE, 2 Secr\u00e9taire G\u00e9n\u00e9ral de la CNTG sont de ces ic\u00f4nes qui ont tout donn\u00e9 pour le triomphe de notre combat. Au moment o\u00f9 notre pays connait des mutations profondes marqu\u00e9es entre autres par la crise sanitaire du COVID-19 avec ses cons\u00e9quences impr\u00e9visibles et multiformes, les travailleurs\/ses ainsi que leurs familles, ont plus que jamais besoin des structures capables de r\u00e9pondre \u00e0 leurs besoins en sant\u00e9 et en bien-\u00eatre\u00a0\u00bb.<\/p>\n<p>\u00ab\u00a0L\u2019Institut National d\u2019Assurance Maladie Obligatoire (ANAMO) et la Caisse Nationale de Pr\u00e9voyance Sociale des Agents de l\u2019Etat (CNPSA) sont un d\u00e9but de r\u00e9ponse \u00e0 nos attentes. Il nous revient alors d\u2019en prendre pleinement conscience car la sante et le bien-\u00eatre sont les premiers fondements de la vie\u00a0\u00bb.<\/p>\n<p>Pour le Camarade Amadou Diallo, ces deux structures sont des \u00e9tablissements publics \u00e0 caract\u00e8re administratif (EPA), dot\u00e9s de la personnalit\u00e9 morale et jouissant de l\u2019autonomie administrative, financi\u00e8re et de gestion.<\/p>\n<p>\u00ab\u00a0tirant donc les le\u00e7ons et s\u2019inspirant des r\u00e9alit\u00e9s de nos voisins des autres pays, le mouvement syndical a entrepris des initiatives hardies qui ont abouti \u00e0 la signature de nombreux protocoles d\u2019accord reconnaissant explicitement le droit pour les fonctionnaires et contractuels de l\u2019administration, de b\u00e9n\u00e9ficier d\u2019une couverture sanitaire pour eux-m\u00eames mais \u00e9galement pour leurs familles.\u00a0\u00bb Ajoute-t-il.<\/p>\n<p><strong>\u00a0<\/strong><\/p>\n<p><strong>Karifa Zoumanigui<\/strong><\/p>\n<\/div>\n","protected":false},"excerpt":{"rendered":"<p>Dans une d\u00e9claration rendue public ce mercredi 25 ao\u00fbt 2021, les responsables de la Conf\u00e9d\u00e9ration Nationale des Travailleurs de Guin\u00e9e (CNTG) ont appel\u00e9 l\u2019ensemble des travailleurs et retrait\u00e9s de soutenir cette op\u00e9rationnalisation du pr\u00e9l\u00e8vement de 5% sur leur salaire des fonctionnaires et 2% chez les retrait\u00e9s. Selon le secr\u00e9taire de g\u00e9n\u00e9ral de la CNTG, Camarade [&hellip;]<\/p>\n","protected":false},"author":2,"featured_media":10049,"comment_status":"closed","ping_status":"closed","sticky":false,"template":"","format":"standard","meta":{"footnotes":""},"categories":[58],"tags":[],"class_list":{"0":"post-10048","1":"post","2":"type-post","3":"status-publish","4":"format-standard","5":"has-post-thumbnail","7":"category-societe"},"_links":{"self":[{"href":"https:\/\/conakrynews.org\/index.php\/wp-json\/wp\/v2\/posts\/10048","targetHints":{"allow":["GET"]}}],"collection":[{"href":"https:\/\/conakrynews.org\/index.php\/wp-json\/wp\/v2\/posts"}],"about":[{"href":"https:\/\/conakrynews.org\/index.php\/wp-json\/wp\/v2\/types\/post"}],"author":[{"embeddable":true,"href":"https:\/\/conakrynews.org\/index.php\/wp-json\/wp\/v2\/users\/2"}],"replies":[{"embeddable":true,"href":"https:\/\/conakrynews.org\/index.php\/wp-json\/wp\/v2\/comments?post=10048"}],"version-history":[{"count":0,"href":"https:\/\/conakrynews.org\/index.php\/wp-json\/wp\/v2\/posts\/10048\/revisions"}],"wp:featuredmedia":[{"embeddable":true,"href":"https:\/\/conakrynews.org\/index.php\/wp-json\/wp\/v2\/media\/10049"}],"wp:attachment":[{"href":"https:\/\/conakrynews.org\/index.php\/wp-json\/wp\/v2\/media?parent=10048"}],"wp:term":[{"taxonomy":"category","embeddable":true,"href":"https:\/\/conakrynews.org\/index.php\/wp-json\/wp\/v2\/categories?post=10048"},{"taxonomy":"post_tag","embeddable":true,"href":"https:\/\/conakrynews.org\/index.php\/wp-json\/wp\/v2\/tags?post=10048"}],"curies":[{"name":"wp","href":"https:\/\/api.w.org\/{rel}","templated":true}]}}