{"id":10073,"date":"2021-08-27T10:23:53","date_gmt":"2021-08-27T10:23:53","guid":{"rendered":"https:\/\/conakrynews.org\/?p=10073"},"modified":"2021-08-27T14:22:52","modified_gmt":"2021-08-27T14:22:52","slug":"guinee-mandat-darret-international-contre-sekou-koundouno-membre-du-fndc","status":"publish","type":"post","link":"https:\/\/conakrynews.org\/index.php\/guinee-mandat-darret-international-contre-sekou-koundouno-membre-du-fndc\/","title":{"rendered":"Guin\u00e9e : Mandat d\u2019arr\u00eat international contre S\u00e9kou Koundouno membre du FNDC"},"content":{"rendered":"<h1 class=\"name post-title entry-title\"><\/h1>\n<div class=\"clear\"><\/div>\n<div class=\"entry\">\n<p>Les autorit\u00e9s guin\u00e9ennes ont \u00e9mis un mandat d\u2019arr\u00eat international contre monsieur S\u00e9kou Koundouno membre du FNDC et administrateur de la plate-forme Balai Citoyen pour des faits d\u2019association de malfaiteurs, incendie volontaire, trouble \u00e0 l\u2019Etat par le massacre, la d\u00e9vastation ou le pillage, participation \u00e0 un mouvement insurrectionnel et menaces par le biais d\u2019un syst\u00e8me informatiques, faits pr\u00e9vus et punis par les articles 780,510,560 et 565 du code p\u00e9nal et la loi L 2016\/037\/AN relative \u00e0 la cyber s\u00e9curit\u00e9 et \u00e0 la protection des donn\u00e9es \u00e0 caract\u00e8re personnel en R\u00e9publique de Guin\u00e9e.<\/p>\n<p>D\u2019apr\u00e8s le contenu dudit mandat d\u2019arr\u00eat international, S\u00e9kou Koundouno, depuis l\u2019\u00e9tranger continu \u00e0 publier des messages de nature \u00e0 troubler la s\u00e9curit\u00e9 et l\u2019ordre public<\/p>\n<p>&nbsp;<\/p>\n<p><strong>Voici les copies du mandat d\u2019arr\u00eat international \u00e9mis contre S\u00e9kou Koundouno<\/strong><\/p>\n<p><img loading=\"lazy\" decoding=\"async\" class=\"alignnone size-medium wp-image-17248 tie-appear\" src=\"https:\/\/www.guineequotidien.com\/wp-content\/uploads\/2021\/08\/sekou2-220x300.jpg\" alt=\"\" width=\"220\" height=\"300\" \/>\u00a0<img loading=\"lazy\" decoding=\"async\" class=\"alignnone size-medium wp-image-17249 tie-appear\" src=\"https:\/\/www.guineequotidien.com\/wp-content\/uploads\/2021\/08\/sekou1-227x300.jpg\" alt=\"\" width=\"227\" height=\"300\" \/><\/p>\n<p>&nbsp;<\/p>\n<p><strong>Fanta Kamano<\/strong><\/p>\n<p>&nbsp;<\/p>\n<\/div>\n","protected":false},"excerpt":{"rendered":"<p>Les autorit\u00e9s guin\u00e9ennes ont \u00e9mis un mandat d\u2019arr\u00eat international contre monsieur S\u00e9kou Koundouno membre du FNDC et administrateur de la plate-forme Balai Citoyen pour des faits d\u2019association de malfaiteurs, incendie volontaire, trouble \u00e0 l\u2019Etat par le massacre, la d\u00e9vastation ou le pillage, participation \u00e0 un mouvement insurrectionnel et menaces par le biais d\u2019un syst\u00e8me informatiques, [&hellip;]<\/p>\n","protected":false},"author":2,"featured_media":10074,"comment_status":"closed","ping_status":"closed","sticky":false,"template":"","format":"standard","meta":{"footnotes":""},"categories":[58],"tags":[],"class_list":{"0":"post-10073","1":"post","2":"type-post","3":"status-publish","4":"format-standard","5":"has-post-thumbnail","7":"category-societe"},"_links":{"self":[{"href":"https:\/\/conakrynews.org\/index.php\/wp-json\/wp\/v2\/posts\/10073","targetHints":{"allow":["GET"]}}],"collection":[{"href":"https:\/\/conakrynews.org\/index.php\/wp-json\/wp\/v2\/posts"}],"about":[{"href":"https:\/\/conakrynews.org\/index.php\/wp-json\/wp\/v2\/types\/post"}],"author":[{"embeddable":true,"href":"https:\/\/conakrynews.org\/index.php\/wp-json\/wp\/v2\/users\/2"}],"replies":[{"embeddable":true,"href":"https:\/\/conakrynews.org\/index.php\/wp-json\/wp\/v2\/comments?post=10073"}],"version-history":[{"count":0,"href":"https:\/\/conakrynews.org\/index.php\/wp-json\/wp\/v2\/posts\/10073\/revisions"}],"wp:featuredmedia":[{"embeddable":true,"href":"https:\/\/conakrynews.org\/index.php\/wp-json\/wp\/v2\/media\/10074"}],"wp:attachment":[{"href":"https:\/\/conakrynews.org\/index.php\/wp-json\/wp\/v2\/media?parent=10073"}],"wp:term":[{"taxonomy":"category","embeddable":true,"href":"https:\/\/conakrynews.org\/index.php\/wp-json\/wp\/v2\/categories?post=10073"},{"taxonomy":"post_tag","embeddable":true,"href":"https:\/\/conakrynews.org\/index.php\/wp-json\/wp\/v2\/tags?post=10073"}],"curies":[{"name":"wp","href":"https:\/\/api.w.org\/{rel}","templated":true}]}}