{"id":10076,"date":"2021-08-27T10:29:10","date_gmt":"2021-08-27T10:29:10","guid":{"rendered":"https:\/\/conakrynews.org\/?p=10076"},"modified":"2021-08-27T14:23:15","modified_gmt":"2021-08-27T14:23:15","slug":"le-bilan-du-double-attentat-de-kaboul-seleve-a-72-morts-dont-13-americains","status":"publish","type":"post","link":"https:\/\/conakrynews.org\/index.php\/le-bilan-du-double-attentat-de-kaboul-seleve-a-72-morts-dont-13-americains\/","title":{"rendered":"Le bilan du double attentat de Kaboul s\u2019\u00e9l\u00e8ve \u00e0 72 morts, dont 13 Am\u00e9ricains"},"content":{"rendered":"<h1 class=\"name post-title entry-title\"><\/h1>\n<div class=\"clear\"><\/div>\n<div class=\"entry\">\n<p>Au moins 72 personnes ont \u00e9t\u00e9 tu\u00e9es plus de 150 bless\u00e9es jeudi dans l\u2019attentat perp\u00e9tr\u00e9 \u00e0 l\u2019a\u00e9roport de Kaboul, selon un nouveau bilan fourni vendredi \u00e0 l\u2019AFP par deux responsables de l\u2019ancien gouvernement renvers\u00e9 \u00e0 la mi-ao\u00fbt par les talibans.<\/p>\n<p>L\u2019attaque, perp\u00e9tr\u00e9e par le groupe Etat islamique (EI), au milieu de la foule des Afghans qui esp\u00e9raient fuir le nouveau r\u00e9gime \u00e0 bord d\u2019avions affr\u00e9t\u00e9s par les Occidentaux, a \u00e9galement tu\u00e9 13 soldats am\u00e9ricains, selon Washington.<\/p>\n<p>Le bombardement de l\u2019a\u00e9roport de Kaboul est survenu dans les derniers jours du retrait annonc\u00e9 de longue date des forces am\u00e9ricaines apr\u00e8s 20 ans de pr\u00e9sence physique en Afghanistan.<\/p>\n<p>Jeudi, un certain nombre d\u2019agences de renseignement de pays occidentaux, dont l\u2019Allemagne, avaient indiqu\u00e9 qu\u2019une attaque \u00e9tait imminente. Ces agences ne savaient simplement pas o\u00f9 ni quand.<\/p>\n<p>M. Biden, \u00e2g\u00e9 de 78 ans, fait d\u00e9j\u00e0 l\u2019objet de critiques de la part de membres aussi bien du parti d\u00e9mocrate que de l\u2019opposition r\u00e9publicaine.<\/p>\n<p><em>\u00ab\u00a0Je porte la responsabilit\u00e9 fondamentale de tout ce qui s\u2019est pass\u00e9\u00a0\u00bb<\/em>, a-t-il avou\u00e9.\u00a0<em>\u00ab\u00a0Mais vous savez que le pr\u00e9c\u00e9dent pr\u00e9sident avait conclu un accord avec les talibans en vertu duquel aucun Am\u00e9ricain ne devrait \u00eatre mis en danger\u00a0\u00bb<\/em>, s\u2019est-il d\u00e9fendu, en faisant r\u00e9f\u00e9rence \u00e0 l\u2019ancien pr\u00e9sident Donald Trump.<\/p>\n<p>Il n\u2019a pas exclu la possibilit\u00e9 d\u2019une nouvelle attaque.<\/p>\n<p>&nbsp;<\/p>\n<p>Avec AFP<\/p>\n<\/div>\n","protected":false},"excerpt":{"rendered":"<p>Au moins 72 personnes ont \u00e9t\u00e9 tu\u00e9es plus de 150 bless\u00e9es jeudi dans l\u2019attentat perp\u00e9tr\u00e9 \u00e0 l\u2019a\u00e9roport de Kaboul, selon un nouveau bilan fourni vendredi \u00e0 l\u2019AFP par deux responsables de l\u2019ancien gouvernement renvers\u00e9 \u00e0 la mi-ao\u00fbt par les talibans. L\u2019attaque, perp\u00e9tr\u00e9e par le groupe Etat islamique (EI), au milieu de la foule des Afghans [&hellip;]<\/p>\n","protected":false},"author":2,"featured_media":10079,"comment_status":"closed","ping_status":"closed","sticky":false,"template":"","format":"standard","meta":{"footnotes":""},"categories":[58],"tags":[],"class_list":{"0":"post-10076","1":"post","2":"type-post","3":"status-publish","4":"format-standard","5":"has-post-thumbnail","7":"category-societe"},"_links":{"self":[{"href":"https:\/\/conakrynews.org\/index.php\/wp-json\/wp\/v2\/posts\/10076","targetHints":{"allow":["GET"]}}],"collection":[{"href":"https:\/\/conakrynews.org\/index.php\/wp-json\/wp\/v2\/posts"}],"about":[{"href":"https:\/\/conakrynews.org\/index.php\/wp-json\/wp\/v2\/types\/post"}],"author":[{"embeddable":true,"href":"https:\/\/conakrynews.org\/index.php\/wp-json\/wp\/v2\/users\/2"}],"replies":[{"embeddable":true,"href":"https:\/\/conakrynews.org\/index.php\/wp-json\/wp\/v2\/comments?post=10076"}],"version-history":[{"count":0,"href":"https:\/\/conakrynews.org\/index.php\/wp-json\/wp\/v2\/posts\/10076\/revisions"}],"wp:featuredmedia":[{"embeddable":true,"href":"https:\/\/conakrynews.org\/index.php\/wp-json\/wp\/v2\/media\/10079"}],"wp:attachment":[{"href":"https:\/\/conakrynews.org\/index.php\/wp-json\/wp\/v2\/media?parent=10076"}],"wp:term":[{"taxonomy":"category","embeddable":true,"href":"https:\/\/conakrynews.org\/index.php\/wp-json\/wp\/v2\/categories?post=10076"},{"taxonomy":"post_tag","embeddable":true,"href":"https:\/\/conakrynews.org\/index.php\/wp-json\/wp\/v2\/tags?post=10076"}],"curies":[{"name":"wp","href":"https:\/\/api.w.org\/{rel}","templated":true}]}}