{"id":10127,"date":"2021-08-30T15:22:49","date_gmt":"2021-08-30T15:22:49","guid":{"rendered":"https:\/\/conakrynews.org\/?p=10127"},"modified":"2021-08-30T15:22:49","modified_gmt":"2021-08-30T15:22:49","slug":"la-france-envoie-10-millions-de-vaccins-supplementaires-a-lunion-africaine","status":"publish","type":"post","link":"https:\/\/conakrynews.org\/index.php\/la-france-envoie-10-millions-de-vaccins-supplementaires-a-lunion-africaine\/","title":{"rendered":"La France envoie 10 millions de vaccins suppl\u00e9mentaires \u00e0 l\u2019Union africaine"},"content":{"rendered":"<h1 class=\"name post-title entry-title\"><\/h1>\n<p class=\"post-meta\">\n<div class=\"clear\"><\/div>\n<div class=\"entry\">\n<div class=\"intro\">\n<p>La France va envoyer 10 millions de doses de vaccins AstraZeneca et Pfizer contre le Covid-19 \u00e0 l\u2019Afrique, via l\u2019Union africaine (UA), au cours des trois prochains mois, a annonc\u00e9 lundi l\u2019Elys\u00e9e.<\/p>\n<\/div>\n<p>Ce partenariat entre Paris et l\u2019UA pr\u00e9voit que ces doses<em>\u00a0\u00ab\u00a0seront allou\u00e9es et distribu\u00e9es dans le cadre du Fonds africain pour l\u2019acquisition des vaccins (Avat) et du m\u00e9canisme pour un acc\u00e8s mondial au vaccin (Covax)<\/em>\u00ab\u00a0, deux initiatives destin\u00e9es \u00e0 permettre \u00e0 l\u2019Afrique de tenter de rattraper son retard dans la vaccination par rapport aux pays d\u00e9velopp\u00e9s.<\/p>\n<p><em>\u00ab\u00a0La pand\u00e9mie (de Covid-19) ne pourra \u00eatre surmont\u00e9e qu\u2019\u00e0 travers une intense coop\u00e9ration entre les acteurs multilat\u00e9raux, r\u00e9gionaux et nationaux\u00a0\u00bb<\/em>, d\u00e9clare le pr\u00e9sident Emmanuel Macron, cit\u00e9 dans un communiqu\u00e9.<em>\u00a0\u00ab\u00a0Je souhaite que nous agissions ensemble en mettant \u00e0 profit le savoir-faire et la l\u00e9gitimit\u00e9 politique des dirigeants africains et en s\u2019appuyant sur notre partenariat solide avec l\u2019Union africaine\u00a0\u00bb,<\/em>\u00a0ajoute-t-il.<\/p>\n<p>Pour sa part, le pr\u00e9sident sud-africain Cyril Ramaphosa a qualifi\u00e9 le don fran\u00e7ais de\u00a0<em>\u00ab\u00a0geste fort et bienvenu de solidarit\u00e9 humaine et de coop\u00e9ration politique \u00e0 un moment o\u00f9 le monde en a le plus besoin\u00a0\u00bb.<\/em><\/p>\n<p>Lors d\u2019une r\u00e9union consacr\u00e9e \u00e0 ce sujet avec M. Macron \u00e0 Pretoria en mai, M. Ramaphosa avait d\u00e9nonc\u00e9\u00a0<em>\u00ab\u00a0un apartheid vaccinal\u00a0\u00bb<\/em>\u00a0en regrettant que quelques pays re\u00e7oivent un nombre \u00ab\u00a0<em>illimit\u00e9<\/em>\u00a0\u00bb de vaccins alors qu\u2019un tr\u00e8s faible nombre d\u2019Africains sont prot\u00e9g\u00e9s.<\/p>\n<p>Avat est un m\u00e9canisme d\u2019achats group\u00e9s pour permettre aux \u00c9tats membres de l\u2019UA de se procurer suffisamment de vaccins pour r\u00e9pondre \u00e0 au moins 50% de leurs besoins. Il est compl\u00e9mentaire de Covax, dont l\u2019objectif est de fournir les 50% restants gr\u00e2ce \u00e0 des dons.<\/p>\n<p>Selon l\u2019Elys\u00e9e,\u00a0<em>\u00ab\u00a0suffisamment de vaccins ont d\u00e9j\u00e0 \u00e9t\u00e9 achet\u00e9s dans le cadre de l\u2019initiative Avat pour permettre, d\u2019ici \u00e0 septembre 2022, la vaccination par les pays africains de 400 millions de personnes, soit un tiers de la population africaine, pour un co\u00fbt de trois milliards de dollars\u00a0\u00bb.<\/em><\/p>\n<p>Avec AFP<\/p>\n<\/div>\n","protected":false},"excerpt":{"rendered":"<p>La France va envoyer 10 millions de doses de vaccins AstraZeneca et Pfizer contre le Covid-19 \u00e0 l\u2019Afrique, via l\u2019Union africaine (UA), au cours des trois prochains mois, a annonc\u00e9 lundi l\u2019Elys\u00e9e. Ce partenariat entre Paris et l\u2019UA pr\u00e9voit que ces doses\u00a0\u00ab\u00a0seront allou\u00e9es et distribu\u00e9es dans le cadre du Fonds africain pour l\u2019acquisition des vaccins [&hellip;]<\/p>\n","protected":false},"author":2,"featured_media":0,"comment_status":"closed","ping_status":"closed","sticky":false,"template":"","format":"standard","meta":{"footnotes":""},"categories":[59],"tags":[],"class_list":{"0":"post-10127","1":"post","2":"type-post","3":"status-publish","4":"format-standard","6":"category-sante"},"_links":{"self":[{"href":"https:\/\/conakrynews.org\/index.php\/wp-json\/wp\/v2\/posts\/10127","targetHints":{"allow":["GET"]}}],"collection":[{"href":"https:\/\/conakrynews.org\/index.php\/wp-json\/wp\/v2\/posts"}],"about":[{"href":"https:\/\/conakrynews.org\/index.php\/wp-json\/wp\/v2\/types\/post"}],"author":[{"embeddable":true,"href":"https:\/\/conakrynews.org\/index.php\/wp-json\/wp\/v2\/users\/2"}],"replies":[{"embeddable":true,"href":"https:\/\/conakrynews.org\/index.php\/wp-json\/wp\/v2\/comments?post=10127"}],"version-history":[{"count":0,"href":"https:\/\/conakrynews.org\/index.php\/wp-json\/wp\/v2\/posts\/10127\/revisions"}],"wp:attachment":[{"href":"https:\/\/conakrynews.org\/index.php\/wp-json\/wp\/v2\/media?parent=10127"}],"wp:term":[{"taxonomy":"category","embeddable":true,"href":"https:\/\/conakrynews.org\/index.php\/wp-json\/wp\/v2\/categories?post=10127"},{"taxonomy":"post_tag","embeddable":true,"href":"https:\/\/conakrynews.org\/index.php\/wp-json\/wp\/v2\/tags?post=10127"}],"curies":[{"name":"wp","href":"https:\/\/api.w.org\/{rel}","templated":true}]}}