{"id":10129,"date":"2021-08-31T08:08:38","date_gmt":"2021-08-31T08:08:38","guid":{"rendered":"https:\/\/conakrynews.org\/?p=10129"},"modified":"2021-08-31T08:08:38","modified_gmt":"2021-08-31T08:08:38","slug":"sante-les-responsables-de-la-fncpg-demandent-la-mise-en-place-de-lordre-national-des-medecins-de-guinee","status":"publish","type":"post","link":"https:\/\/conakrynews.org\/index.php\/sante-les-responsables-de-la-fncpg-demandent-la-mise-en-place-de-lordre-national-des-medecins-de-guinee\/","title":{"rendered":"Sant\u00e9 : les responsables de la FNCPG demandent la mise en place de l\u2019ordre national des m\u00e9decins de Guin\u00e9e"},"content":{"rendered":"<h1 class=\"name post-title entry-title\"><\/h1>\n<p class=\"post-meta\">\n<div class=\"clear\"><\/div>\n<div class=\"entry\">\n<p>Lors du conseil des ministres tenu r\u00e9cemment \u00e0 Conakry, le pr\u00e9sident Alpha Cond\u00e9 a instruit le ministre de la sant\u00e9 de proc\u00e9der \u00e0 l\u2019identification et \u00e0 la fermeture de toutes les cliniques qui ne r\u00e9pondent pas aux normes.<\/p>\n<p>Face \u00e0 cette situation, le pr\u00e9sident de la F\u00e9d\u00e9ration Nationale des Cliniques Priv\u00e9es de Guin\u00e9e\u00a0 Dr Gol\u00e9 Beavogui , s\u2019est r\u00e9joui de cette d\u00e9cision du chef de l\u2019Etat.<\/p>\n<p>&nbsp;<\/p>\n<p>Selon lui, il y a trop de d\u00e9sordre dans le secteur de la sant\u00e9 en Guin\u00e9e qui, a besoin d\u2019\u00eatre assaini<\/p>\n<p>&nbsp;<\/p>\n<p>\u00ab\u00a0La f\u00e9d\u00e9ration a tenu une r\u00e9union tout r\u00e9cemment au minist\u00e8re de la sant\u00e9 pour manifester notre adh\u00e9sion aux id\u00e9aux du pr\u00e9sident de la R\u00e9publique. Alors, nous sollicitons l\u2019implication du minist\u00e8re de l\u2019administration du territoire qui donne l\u2019agr\u00e9ment aux demandeurs m\u00eame ils ne sont pas des professionnels\u00a0\u00bb.<\/p>\n<p>&nbsp;<\/p>\n<p>Dans le m\u00eame sillage, il a soulign\u00e9 que c\u2019est l\u2019organisation des \u00e9lections\u00a0 des\u00a0 ordres\u00a0 des m\u00e9decins de Guin\u00e9e qui peut effacer toutes ses anomalies dans le secteur.<\/p>\n<p>&nbsp;<\/p>\n<p>\u00ab\u00a0L\u2019absence de l\u2019ordre des m\u00e9decins \u00a0a provoqu\u00e9 des d\u00e9sordres dans la corporation m\u00e9dicale en Guin\u00e9e,\u00a0 et les probl\u00e8mes\u00a0sont\u00a0 d\u2019ordres priv\u00e9s et publics. Les \u00e9trangers mettent les r\u00e9alit\u00e9s sur les r\u00e9seaux sociaux et\u00a0 qui \u00e9nervent Mr le Pr\u00e9sident de la R\u00e9publique \u00e0 prendre une d\u00e9cision en instruisant son ministre de la sant\u00e9 qui a pris le probl\u00e8me au s\u00e9rieux. \u00a0En r\u00e9alit\u00e9, mon point de vue\u00a0 c\u2019est d\u2019organiser les \u00e9lections\u00a0 des\u00a0 ordres\u00a0 des m\u00e9decins de Guin\u00e9e. Quand je dis les ordres des m\u00e9decins, les ordres\u00a0 pr\u00e9fectoraux, r\u00e9gionaux et l\u2019Ordres Nationale des M\u00e9decins. C\u2019est l\u2019institution qui a une Independence pour contr\u00f4ler la profession m\u00e9dicale en Guin\u00e9e\u00a0\u00bb Explique-t-il.<\/p>\n<p>&nbsp;<\/p>\n<p>Parlant de l\u2019octroi des agr\u00e9ments aux m\u00e9decins, Dr Gol\u00e9 Beavogui a sugg\u00e9r\u00e9 aux autorit\u00e9s de retirer les agr\u00e9ments afin de les renouvel\u00e9s \u00a0en fonction de la pyramide sanitaire priv\u00e9e.<\/p>\n<p>&nbsp;<\/p>\n<p>\u00ab\u00a0Des polycliniques,\u00a0 aux cliniques, ils\u00a0 ne devraient pas\u00a0 avoir des m\u00eames agr\u00e9ment et des cabinets de soins infirmiers appartenaient aux infirmiers, et les cabinets des sages-femmes appartenaient aux sages-femmes. \u00a0Ils ne doivent pas avoir les m\u00eames agr\u00e9ments mais il se trouve que c\u2019est en fonction des moyens qu\u2019on donne\u00a0 l\u2019agr\u00e9ment d\u2019une\u00a0 polyclinique ou une clinique mais, quand vous rentrez l\u00e0-bas les r\u00e9alit\u00e9s ne sont pas de m\u00eames. Et\u00a0 donc qui souffre?\u00a0 C\u2019est la population qui est victime de tout.\u00a0 Donc j\u2019aurais voulu pour r\u00e9soudre tous les probl\u00e8mes\u00a0 de l\u2019exercice de la m\u00e9decine\u00a0priv\u00e9e en Guin\u00e9e, qu\u2019on mette sur pieds une \u00e9lection de fa\u00e7on inclusive de l\u2019ordre national des m\u00e9decins de Guin\u00e9e\u00a0\u00bb Conclut-il.<\/p>\n<p>&nbsp;<\/p>\n<p>&nbsp;<\/p>\n<p><strong>Ibra Camara pour guineequotidien.com<\/strong><\/p>\n<\/div>\n","protected":false},"excerpt":{"rendered":"<p>Lors du conseil des ministres tenu r\u00e9cemment \u00e0 Conakry, le pr\u00e9sident Alpha Cond\u00e9 a instruit le ministre de la sant\u00e9 de proc\u00e9der \u00e0 l\u2019identification et \u00e0 la fermeture de toutes les cliniques qui ne r\u00e9pondent pas aux normes. Face \u00e0 cette situation, le pr\u00e9sident de la F\u00e9d\u00e9ration Nationale des Cliniques Priv\u00e9es de Guin\u00e9e\u00a0 Dr Gol\u00e9 [&hellip;]<\/p>\n","protected":false},"author":2,"featured_media":10130,"comment_status":"closed","ping_status":"closed","sticky":false,"template":"","format":"standard","meta":{"footnotes":""},"categories":[59],"tags":[],"class_list":{"0":"post-10129","1":"post","2":"type-post","3":"status-publish","4":"format-standard","5":"has-post-thumbnail","7":"category-sante"},"_links":{"self":[{"href":"https:\/\/conakrynews.org\/index.php\/wp-json\/wp\/v2\/posts\/10129","targetHints":{"allow":["GET"]}}],"collection":[{"href":"https:\/\/conakrynews.org\/index.php\/wp-json\/wp\/v2\/posts"}],"about":[{"href":"https:\/\/conakrynews.org\/index.php\/wp-json\/wp\/v2\/types\/post"}],"author":[{"embeddable":true,"href":"https:\/\/conakrynews.org\/index.php\/wp-json\/wp\/v2\/users\/2"}],"replies":[{"embeddable":true,"href":"https:\/\/conakrynews.org\/index.php\/wp-json\/wp\/v2\/comments?post=10129"}],"version-history":[{"count":0,"href":"https:\/\/conakrynews.org\/index.php\/wp-json\/wp\/v2\/posts\/10129\/revisions"}],"wp:featuredmedia":[{"embeddable":true,"href":"https:\/\/conakrynews.org\/index.php\/wp-json\/wp\/v2\/media\/10130"}],"wp:attachment":[{"href":"https:\/\/conakrynews.org\/index.php\/wp-json\/wp\/v2\/media?parent=10129"}],"wp:term":[{"taxonomy":"category","embeddable":true,"href":"https:\/\/conakrynews.org\/index.php\/wp-json\/wp\/v2\/categories?post=10129"},{"taxonomy":"post_tag","embeddable":true,"href":"https:\/\/conakrynews.org\/index.php\/wp-json\/wp\/v2\/tags?post=10129"}],"curies":[{"name":"wp","href":"https:\/\/api.w.org\/{rel}","templated":true}]}}