{"id":10132,"date":"2021-08-31T10:58:45","date_gmt":"2021-08-31T10:58:45","guid":{"rendered":"https:\/\/conakrynews.org\/?p=10132"},"modified":"2021-08-31T10:58:45","modified_gmt":"2021-08-31T10:58:45","slug":"mamou-un-enfant-de-10-ans-tue-son-jeune-frere-de-7-ans-par-balle-a-poredaka","status":"publish","type":"post","link":"https:\/\/conakrynews.org\/index.php\/mamou-un-enfant-de-10-ans-tue-son-jeune-frere-de-7-ans-par-balle-a-poredaka\/","title":{"rendered":"Mamou: Un enfant de 10 ans tue son jeune fr\u00e8re de 7 ans par balle \u00e0 Por\u00e9daka"},"content":{"rendered":"<h1 class=\"name post-title entry-title\"><\/h1>\n<p class=\"post-meta\">\n<div class=\"clear\"><\/div>\n<div class=\"entry\">\n<p>Le drame s\u2019est produit dimanche 29 ao\u00fbt 2021 aux environs de 08 heures dans le secteur de Doghol Djid\u00e9, relevant de la sous-pr\u00e9fecture de Poredaka, situ\u00e9e \u00e0 55 kilom\u00e8tres du chef-lieu de la pr\u00e9fecture de Mamou.<br \/>\nSelon le point focal de l\u2019AGP dans la localit\u00e9, c\u2019est un p\u00e8re de famille qui aurait envoy\u00e9 ses deux (2) enfants pour aller chercher un fusil de chasse aupr\u00e8s d\u2019un de ses amis qui habite \u00e0 Condom \u00e0 un (1) km du village. Ce dernier aurait remis l\u2019arme aux gamins sans d\u00e9sactiver la charge.<br \/>\nSur le chemin du retour, les deux (2) enfants ont commenc\u00e9 \u00e0 jouer avec l\u2019arme en simulant une partie de chasse au niveau du pont de Condekohoun.<br \/>\nDu coup, Alpha oumar Diallo, 10 ans, a froidement abattu son jeune fr\u00e8re, Boubacar Diallo \u00e2g\u00e9 de 07 ans.<\/p>\n<p>Les autorit\u00e9s locales compos\u00e9es du sous-pr\u00e9fet, du premier vice maire de la commune rurale de Poredaka, les conseillers communaux, les agents de la police, les agents du centre de sant\u00e9 de Poredaka et le chef cantonnement forestier, se sont rendues sur les lieux du drame. Apr\u00e8s le constat, le chef cantonnement a r\u00e9v\u00e9l\u00e9 que le fusil n\u2019est pas recens\u00e9.<br \/>\nLe d\u00e9funt a \u00e9t\u00e9 inhum\u00e9 dimanche aux environs de 12 heures au cimeti\u00e8re de Condeko. Une enqu\u00eate a \u00e9t\u00e9 ouverte pour situer les responsabilit\u00e9s du p\u00e8re des enfants et son ami qui aurait donn\u00e9 le fusil aux deux (2) gamins.<\/p>\n<p><strong>AGP<\/strong><\/p>\n<\/div>\n","protected":false},"excerpt":{"rendered":"<p>Le drame s\u2019est produit dimanche 29 ao\u00fbt 2021 aux environs de 08 heures dans le secteur de Doghol Djid\u00e9, relevant de la sous-pr\u00e9fecture de Poredaka, situ\u00e9e \u00e0 55 kilom\u00e8tres du chef-lieu de la pr\u00e9fecture de Mamou. Selon le point focal de l\u2019AGP dans la localit\u00e9, c\u2019est un p\u00e8re de famille qui aurait envoy\u00e9 ses deux [&hellip;]<\/p>\n","protected":false},"author":2,"featured_media":10133,"comment_status":"closed","ping_status":"closed","sticky":false,"template":"","format":"standard","meta":{"footnotes":""},"categories":[58],"tags":[],"class_list":{"0":"post-10132","1":"post","2":"type-post","3":"status-publish","4":"format-standard","5":"has-post-thumbnail","7":"category-societe"},"_links":{"self":[{"href":"https:\/\/conakrynews.org\/index.php\/wp-json\/wp\/v2\/posts\/10132","targetHints":{"allow":["GET"]}}],"collection":[{"href":"https:\/\/conakrynews.org\/index.php\/wp-json\/wp\/v2\/posts"}],"about":[{"href":"https:\/\/conakrynews.org\/index.php\/wp-json\/wp\/v2\/types\/post"}],"author":[{"embeddable":true,"href":"https:\/\/conakrynews.org\/index.php\/wp-json\/wp\/v2\/users\/2"}],"replies":[{"embeddable":true,"href":"https:\/\/conakrynews.org\/index.php\/wp-json\/wp\/v2\/comments?post=10132"}],"version-history":[{"count":0,"href":"https:\/\/conakrynews.org\/index.php\/wp-json\/wp\/v2\/posts\/10132\/revisions"}],"wp:featuredmedia":[{"embeddable":true,"href":"https:\/\/conakrynews.org\/index.php\/wp-json\/wp\/v2\/media\/10133"}],"wp:attachment":[{"href":"https:\/\/conakrynews.org\/index.php\/wp-json\/wp\/v2\/media?parent=10132"}],"wp:term":[{"taxonomy":"category","embeddable":true,"href":"https:\/\/conakrynews.org\/index.php\/wp-json\/wp\/v2\/categories?post=10132"},{"taxonomy":"post_tag","embeddable":true,"href":"https:\/\/conakrynews.org\/index.php\/wp-json\/wp\/v2\/tags?post=10132"}],"curies":[{"name":"wp","href":"https:\/\/api.w.org\/{rel}","templated":true}]}}