{"id":10135,"date":"2021-08-31T11:03:00","date_gmt":"2021-08-31T11:03:00","guid":{"rendered":"https:\/\/conakrynews.org\/?p=10135"},"modified":"2021-08-31T11:03:00","modified_gmt":"2021-08-31T11:03:00","slug":"guinee-evasion-de-10-prisonniers-a-la-maison-centrale-de-kindia-le-regisseur-et-son-adjoint-arretes","status":"publish","type":"post","link":"https:\/\/conakrynews.org\/index.php\/guinee-evasion-de-10-prisonniers-a-la-maison-centrale-de-kindia-le-regisseur-et-son-adjoint-arretes\/","title":{"rendered":"Guin\u00e9e\/\u00c9vasion de 10 prisonniers \u00e0 la maison centrale de Kindia: Le r\u00e9gisseur et son adjoint arr\u00eat\u00e9s"},"content":{"rendered":"<h1 class=\"name post-title entry-title\"><\/h1>\n<p class=\"post-meta\">\n<div class=\"clear\"><\/div>\n<div class=\"entry\">\n<p>Le r\u00e9gisseur et son adjoint ont \u00e9t\u00e9 finalement arr\u00eat\u00e9s ce lundi, 30 ao\u00fbt 2021 par une equipe de la gendarmes au lendemain de l\u2019\u00e9vasion de 10 d\u00e9tenus \u00e0 la prison civile de Kindia.<\/p>\n<p>Selon les informations, ces deux responsables de la prison ont \u00e9t\u00e9 interpell\u00e9s \u00e0 travers une d\u00e9cision du procureur de la R\u00e9publique pr\u00eat du Tribunal de premi\u00e8re instance Kindia afin de connaitre ce qui s\u2019est r\u00e9ellement pass\u00e9 le jour de l\u2019\u00e9vasion.<\/p>\n<p>Par ailleurs, nos confr\u00e8res de l\u2019AGP ont pr\u00e9cis\u00e9 leur article pr\u00e9c\u00e9dant que les prisonniers qui ont pris la fuite se sont servis d\u2019une scie pour couper un antivol pour sortir de leur cellule.<\/p>\n<p>\u00c0 pr\u00e9ciser que ces deux pr\u00e9sum\u00e9s coupables de la fuite d\u2019une dizaine de prisonniers sont actuellement \u00e0 la gendarmerie d\u00e9partementale de Kindia pour une audition.<\/p>\n<p><strong>Mohamed Sylla pour Guineequotidien<\/strong><\/p>\n<\/div>\n","protected":false},"excerpt":{"rendered":"<p>Le r\u00e9gisseur et son adjoint ont \u00e9t\u00e9 finalement arr\u00eat\u00e9s ce lundi, 30 ao\u00fbt 2021 par une equipe de la gendarmes au lendemain de l\u2019\u00e9vasion de 10 d\u00e9tenus \u00e0 la prison civile de Kindia. Selon les informations, ces deux responsables de la prison ont \u00e9t\u00e9 interpell\u00e9s \u00e0 travers une d\u00e9cision du procureur de la R\u00e9publique pr\u00eat [&hellip;]<\/p>\n","protected":false},"author":2,"featured_media":10136,"comment_status":"closed","ping_status":"closed","sticky":false,"template":"","format":"standard","meta":{"footnotes":""},"categories":[58],"tags":[],"class_list":{"0":"post-10135","1":"post","2":"type-post","3":"status-publish","4":"format-standard","5":"has-post-thumbnail","7":"category-societe"},"_links":{"self":[{"href":"https:\/\/conakrynews.org\/index.php\/wp-json\/wp\/v2\/posts\/10135","targetHints":{"allow":["GET"]}}],"collection":[{"href":"https:\/\/conakrynews.org\/index.php\/wp-json\/wp\/v2\/posts"}],"about":[{"href":"https:\/\/conakrynews.org\/index.php\/wp-json\/wp\/v2\/types\/post"}],"author":[{"embeddable":true,"href":"https:\/\/conakrynews.org\/index.php\/wp-json\/wp\/v2\/users\/2"}],"replies":[{"embeddable":true,"href":"https:\/\/conakrynews.org\/index.php\/wp-json\/wp\/v2\/comments?post=10135"}],"version-history":[{"count":0,"href":"https:\/\/conakrynews.org\/index.php\/wp-json\/wp\/v2\/posts\/10135\/revisions"}],"wp:featuredmedia":[{"embeddable":true,"href":"https:\/\/conakrynews.org\/index.php\/wp-json\/wp\/v2\/media\/10136"}],"wp:attachment":[{"href":"https:\/\/conakrynews.org\/index.php\/wp-json\/wp\/v2\/media?parent=10135"}],"wp:term":[{"taxonomy":"category","embeddable":true,"href":"https:\/\/conakrynews.org\/index.php\/wp-json\/wp\/v2\/categories?post=10135"},{"taxonomy":"post_tag","embeddable":true,"href":"https:\/\/conakrynews.org\/index.php\/wp-json\/wp\/v2\/tags?post=10135"}],"curies":[{"name":"wp","href":"https:\/\/api.w.org\/{rel}","templated":true}]}}