{"id":10138,"date":"2021-08-31T11:36:17","date_gmt":"2021-08-31T11:36:17","guid":{"rendered":"https:\/\/conakrynews.org\/?p=10138"},"modified":"2021-08-31T11:41:29","modified_gmt":"2021-08-31T11:41:29","slug":"le-president-alpha-conde-a-conakry","status":"publish","type":"post","link":"https:\/\/conakrynews.org\/index.php\/le-president-alpha-conde-a-conakry\/","title":{"rendered":"Alpha Cond\u00e9 reprend ses visites inopin\u00e9es: les ministres du budget, des finances et du MATD absents \u00e0 leurs postes"},"content":{"rendered":"<p>&nbsp;<\/p>\n<p>&nbsp;<\/p>\n<h1 class=\"jeg_post_title\"><\/h1>\n<p>&nbsp;<\/p>\n<p>De retour de ses vacances, le pr\u00e9sident Alpha Cond\u00e9 se met \u00e0 la t\u00e2che. Ce mardi 31 aout 2021, le chef de l\u2019\u00c9tat a repris ses visites inopin\u00e9es dans les services publics, pr\u00e9cis\u00e9ment dans les minist\u00e8res du budget, des finances et de l\u2019administration du territoire. Selon nos confr\u00e8res du site guinee7.com, le locataire du palais S\u00e8khoutour\u00e9yah n\u2019a pas trouv\u00e9 les diff\u00e9rents chefs de d\u00e9partements \u00e0 leurs postes. Ce qui a provoqu\u00e9 l\u2019ire du pr\u00e9sident Cond\u00e9.<\/p>\n<p>Mosa\u00efqueguinee.com<\/p>\n","protected":false},"excerpt":{"rendered":"<p>&nbsp; &nbsp; &nbsp; De retour de ses vacances, le pr\u00e9sident Alpha Cond\u00e9 se met \u00e0 la t\u00e2che. Ce mardi 31 aout 2021, le chef de l\u2019\u00c9tat a repris ses visites inopin\u00e9es dans les services publics, pr\u00e9cis\u00e9ment dans les minist\u00e8res du budget, des finances et de l\u2019administration du territoire. Selon nos confr\u00e8res du site guinee7.com, le [&hellip;]<\/p>\n","protected":false},"author":2,"featured_media":10139,"comment_status":"closed","ping_status":"closed","sticky":false,"template":"","format":"standard","meta":{"footnotes":""},"categories":[57],"tags":[],"class_list":{"0":"post-10138","1":"post","2":"type-post","3":"status-publish","4":"format-standard","5":"has-post-thumbnail","7":"category-politique"},"_links":{"self":[{"href":"https:\/\/conakrynews.org\/index.php\/wp-json\/wp\/v2\/posts\/10138","targetHints":{"allow":["GET"]}}],"collection":[{"href":"https:\/\/conakrynews.org\/index.php\/wp-json\/wp\/v2\/posts"}],"about":[{"href":"https:\/\/conakrynews.org\/index.php\/wp-json\/wp\/v2\/types\/post"}],"author":[{"embeddable":true,"href":"https:\/\/conakrynews.org\/index.php\/wp-json\/wp\/v2\/users\/2"}],"replies":[{"embeddable":true,"href":"https:\/\/conakrynews.org\/index.php\/wp-json\/wp\/v2\/comments?post=10138"}],"version-history":[{"count":0,"href":"https:\/\/conakrynews.org\/index.php\/wp-json\/wp\/v2\/posts\/10138\/revisions"}],"wp:featuredmedia":[{"embeddable":true,"href":"https:\/\/conakrynews.org\/index.php\/wp-json\/wp\/v2\/media\/10139"}],"wp:attachment":[{"href":"https:\/\/conakrynews.org\/index.php\/wp-json\/wp\/v2\/media?parent=10138"}],"wp:term":[{"taxonomy":"category","embeddable":true,"href":"https:\/\/conakrynews.org\/index.php\/wp-json\/wp\/v2\/categories?post=10138"},{"taxonomy":"post_tag","embeddable":true,"href":"https:\/\/conakrynews.org\/index.php\/wp-json\/wp\/v2\/tags?post=10138"}],"curies":[{"name":"wp","href":"https:\/\/api.w.org\/{rel}","templated":true}]}}