{"id":10445,"date":"2021-10-02T15:39:04","date_gmt":"2021-10-02T15:39:04","guid":{"rendered":"https:\/\/conakrynews.org\/?p=10445"},"modified":"2021-10-02T16:13:52","modified_gmt":"2021-10-02T16:13:52","slug":"guinee-fete-de-lindependance-depot-dune-gerbe-de-fleurs-par-le-colonel-mamadi-doumbouya-a-la-place-des-martyrs","status":"publish","type":"post","link":"https:\/\/conakrynews.org\/index.php\/guinee-fete-de-lindependance-depot-dune-gerbe-de-fleurs-par-le-colonel-mamadi-doumbouya-a-la-place-des-martyrs\/","title":{"rendered":"Guin\u00e9e\/F\u00eate de l\u2019independance: D\u00e9p\u00f4t d\u2019une gerbe de fleurs par le Colonel Mamadi Doumbouya \u00e0 la place des martyrs"},"content":{"rendered":"<h1 class=\"name post-title entry-title\"><\/h1>\n<div class=\"clear\"><\/div>\n<div class=\"entry\">\n<div dir=\"auto\">Dans la matin\u00e9e de ce samedi 02 octobre 2021, le pr\u00e9sident de la transition colonel Mamadi Doumbouya, a proc\u00e9d\u00e9 au d\u00e9p\u00f4t d\u2019une gerbe de fleurs \u00e0 la place des martyrs, situ\u00e9e \u00e0 quelques m\u00e8tres du palais pr\u00e9sidentiel.<\/div>\n<div dir=\"auto\">C\u2019\u00e9tait en pr\u00e9sence de plusieurs diplomates et autres personnalit\u00e9s du pays, dont quelques membres du CNRD.<\/div>\n<div dir=\"auto\">\u00a0marque la c\u00e9l\u00e9bration du 63 \u00e8me anniversaire de l\u2019ind\u00e9pendance en Guin\u00e9e.<\/div>\n<div dir=\"auto\"><\/div>\n<div dir=\"auto\">La c\u00e9r\u00e9monie a pris fin par les ovations\u00a0 de la population de Kaloum venu pour la circonstance pour son\u00a0 t\u00e9moign\u00e9 par leurs soutiens \u00e0 la junte militaire.<\/div>\n<div dir=\"auto\"><\/div>\n<div dir=\"auto\"><strong>Ibrahima Limbita Camara<\/strong><\/div>\n<\/div>\n","protected":false},"excerpt":{"rendered":"<p>Dans la matin\u00e9e de ce samedi 02 octobre 2021, le pr\u00e9sident de la transition colonel Mamadi Doumbouya, a proc\u00e9d\u00e9 au d\u00e9p\u00f4t d\u2019une gerbe de fleurs \u00e0 la place des martyrs, situ\u00e9e \u00e0 quelques m\u00e8tres du palais pr\u00e9sidentiel. C\u2019\u00e9tait en pr\u00e9sence de plusieurs diplomates et autres personnalit\u00e9s du pays, dont quelques membres du CNRD. \u00a0marque la [&hellip;]<\/p>\n","protected":false},"author":2,"featured_media":10448,"comment_status":"closed","ping_status":"closed","sticky":false,"template":"","format":"standard","meta":{"footnotes":""},"categories":[58],"tags":[],"class_list":{"0":"post-10445","1":"post","2":"type-post","3":"status-publish","4":"format-standard","5":"has-post-thumbnail","7":"category-societe"},"_links":{"self":[{"href":"https:\/\/conakrynews.org\/index.php\/wp-json\/wp\/v2\/posts\/10445","targetHints":{"allow":["GET"]}}],"collection":[{"href":"https:\/\/conakrynews.org\/index.php\/wp-json\/wp\/v2\/posts"}],"about":[{"href":"https:\/\/conakrynews.org\/index.php\/wp-json\/wp\/v2\/types\/post"}],"author":[{"embeddable":true,"href":"https:\/\/conakrynews.org\/index.php\/wp-json\/wp\/v2\/users\/2"}],"replies":[{"embeddable":true,"href":"https:\/\/conakrynews.org\/index.php\/wp-json\/wp\/v2\/comments?post=10445"}],"version-history":[{"count":0,"href":"https:\/\/conakrynews.org\/index.php\/wp-json\/wp\/v2\/posts\/10445\/revisions"}],"wp:featuredmedia":[{"embeddable":true,"href":"https:\/\/conakrynews.org\/index.php\/wp-json\/wp\/v2\/media\/10448"}],"wp:attachment":[{"href":"https:\/\/conakrynews.org\/index.php\/wp-json\/wp\/v2\/media?parent=10445"}],"wp:term":[{"taxonomy":"category","embeddable":true,"href":"https:\/\/conakrynews.org\/index.php\/wp-json\/wp\/v2\/categories?post=10445"},{"taxonomy":"post_tag","embeddable":true,"href":"https:\/\/conakrynews.org\/index.php\/wp-json\/wp\/v2\/tags?post=10445"}],"curies":[{"name":"wp","href":"https:\/\/api.w.org\/{rel}","templated":true}]}}