{"id":10509,"date":"2021-10-12T07:54:42","date_gmt":"2021-10-12T07:54:42","guid":{"rendered":"https:\/\/conakrynews.org\/?p=10509"},"modified":"2021-10-12T07:54:42","modified_gmt":"2021-10-12T07:54:42","slug":"guinee-journee-internationale-des-droits-de-la-jeune-fille-mamadouba-tos-camara-sengage-a-accompagner-long-fifegoug","status":"publish","type":"post","link":"https:\/\/conakrynews.org\/index.php\/guinee-journee-internationale-des-droits-de-la-jeune-fille-mamadouba-tos-camara-sengage-a-accompagner-long-fifegoug\/","title":{"rendered":"Guin\u00e9e\/Journ\u00e9e internationale des droits de la jeune fille : Mamadouba Tos Camara s\u2019engage \u00e0 accompagner l\u2019ONG (FIFEGOUG)"},"content":{"rendered":"<h1 class=\"name post-title entry-title\"><\/h1>\n<p class=\"post-meta\">\n<div class=\"clear\"><\/div>\n<div class=\"entry\">\n<p>\u00c0 l\u2019instar des autres pays de la sous r\u00e9gion et du monde, l\u2019ONG Filles Femmes pour la Gouvernance et D\u00e9veloppement ( FIFEGOUG ) conduite par Mme Tonamou Seny a organis\u00e9 ce lundi 11 octobre 2021, la c\u00e9l\u00e9bration de la journ\u00e9e internationale des droits de la jeune fille, dans la commune de Matoto autour du th\u00e8me\u00a0<strong>\u00a0\u00bb leadership pour une \u00e9galit\u00e9 de droit \u00a0\u00bb.<\/strong><\/p>\n<p>&nbsp;<\/p>\n<p>Selon, Mme Seny Tonamou pr\u00e9sidente de l\u2019ONG\u00a0 (FIFEGOUG), la c\u00e9l\u00e9bration de la journ\u00e9e internationale des droits de la jeune fille pr\u00e9vue le 11 Octobre de chaque ann\u00e9e a \u00e9t\u00e9 d\u00e9clar\u00e9e par les Nations Unis le 19 d\u00e9cembre 2011 dans la r\u00e9solution 66\/170.<\/p>\n<p>\u00ab\u00a0De ce fait, les filles comme les femmes pour le 08 Mars, font face \u00e0 des d\u00e9fis : la violation des droits \u00e0 l\u2019\u00e9ducation, leur r\u00e9duction aux travaux m\u00e9nagers. Selon l\u2019UNICEF,1\/4 \u00e2g\u00e9e de 15 \u00e0 19 ans dans le monde sont ni employ\u00e9es, ni scolaris\u00e9es ou form\u00e9es contre 1\/10 chez les gar\u00e7ons ; plus s\u00e9rieux encore, 12 millions de filles de moins de 18 ans sont pr\u00e9cocement mari\u00e9es et 130 millions ne sont pas scolaris\u00e9es \u00bb, a soulign\u00e9 Mme la pr\u00e9sidente.<\/p>\n<p>&nbsp;<\/p>\n<p>Poursuivant, elle a indiqu\u00e9 ceci : \u00ab Cette ann\u00e9e, nous profitons pour lancer un appelle \u00e0 l\u2019endroit des nouvelles autorit\u00e9s \u00e0 prendre en compte l\u2019\u00e9ducation des filles Guin\u00e9ennes\/M\u00e8re de demain dans le but d\u2019\u00e9quilibrer le respect des droits entre hommes et femmes pour un d\u00e9veloppement inclusif et durable. Consciente du r\u00f4le important de la femme et de la jeune fille dans nos soci\u00e9t\u00e9s, il est primordial que cette couche soit impliqu\u00e9e dans les activit\u00e9s scientifiques, de bonne gouvernance, \u00e9conomiques, sociales, \u00e9ducatives, culturelles et sportives dans un cadre participatif avec un esprit d\u2019\u00e9quipe \u00bb, a soulign\u00e9 la pr\u00e9sidente Mme Tonamou Seny.<\/p>\n<p>&nbsp;<\/p>\n<p>Au nom des jeunes filles pr\u00e9sent \u00e0 la c\u00e9r\u00e9monie de la journ\u00e9e, Cit\u00e9 Sidib\u00e9 plaide au nom du groupe :\u00a0 \u00ab L\u2019\u00e9ducation, la formation, la sensibilisation\u2026 \u00e9tant les priorit\u00e9s a FIFEGOUD, nous demandons le Pr\u00e9sident du CNRD, et au nouveau Gouvernement de nous<\/p>\n<p>octroyer un centre pour nos activit\u00e9s. Car nous pensons qu\u2019investir dans l\u2019\u00e9ducation des filles c\u2019est investir pour un d\u00e9veloppement durable, une soci\u00e9t\u00e9 \u00e9duqu\u00e9e et lutter contre la d\u00e9linquance juv\u00e9nile, c\u2019est promouvoir \u00e0 l\u2019\u00e9mergence d\u2019une soci\u00e9t\u00e9 paritaire, \u00e9quilibr\u00e9e et \u00e9galitaire en droit et devoir \u00bb, a mentionn\u00e9 la petite fille.<\/p>\n<p>&nbsp;<\/p>\n<p>De son c\u00f4t\u00e9, Mamadouba Tos Camara maire de la commune de Matoto s\u2019engage au nom du gouverneur de la ville de Conakry d\u2019accompagner l\u2019ONG dans leur lutte de plaidoyer contre la violation des jeunes filles.<\/p>\n<p>\u00ab Donc nous allons transmettre le message aux autorit\u00e9s pour la prise en compte de vos pr\u00e9occupations et rassurez vous que vous avez mon soutien et le soutien de tout mon cabinet\u00a0 \u00a0\u00bb, a conclu le maire.<\/p>\n<p>&nbsp;<\/p>\n<p><strong>Alass Sylla pour guineequotidien.com<\/strong><\/p>\n<\/div>\n","protected":false},"excerpt":{"rendered":"<p>\u00c0 l\u2019instar des autres pays de la sous r\u00e9gion et du monde, l\u2019ONG Filles Femmes pour la Gouvernance et D\u00e9veloppement ( FIFEGOUG ) conduite par Mme Tonamou Seny a organis\u00e9 ce lundi 11 octobre 2021, la c\u00e9l\u00e9bration de la journ\u00e9e internationale des droits de la jeune fille, dans la commune de Matoto autour du th\u00e8me\u00a0\u00a0\u00bb [&hellip;]<\/p>\n","protected":false},"author":2,"featured_media":10510,"comment_status":"closed","ping_status":"closed","sticky":false,"template":"","format":"standard","meta":{"footnotes":""},"categories":[1],"tags":[],"class_list":{"0":"post-10509","1":"post","2":"type-post","3":"status-publish","4":"format-standard","5":"has-post-thumbnail","7":"category-non-classe"},"_links":{"self":[{"href":"https:\/\/conakrynews.org\/index.php\/wp-json\/wp\/v2\/posts\/10509","targetHints":{"allow":["GET"]}}],"collection":[{"href":"https:\/\/conakrynews.org\/index.php\/wp-json\/wp\/v2\/posts"}],"about":[{"href":"https:\/\/conakrynews.org\/index.php\/wp-json\/wp\/v2\/types\/post"}],"author":[{"embeddable":true,"href":"https:\/\/conakrynews.org\/index.php\/wp-json\/wp\/v2\/users\/2"}],"replies":[{"embeddable":true,"href":"https:\/\/conakrynews.org\/index.php\/wp-json\/wp\/v2\/comments?post=10509"}],"version-history":[{"count":0,"href":"https:\/\/conakrynews.org\/index.php\/wp-json\/wp\/v2\/posts\/10509\/revisions"}],"wp:featuredmedia":[{"embeddable":true,"href":"https:\/\/conakrynews.org\/index.php\/wp-json\/wp\/v2\/media\/10510"}],"wp:attachment":[{"href":"https:\/\/conakrynews.org\/index.php\/wp-json\/wp\/v2\/media?parent=10509"}],"wp:term":[{"taxonomy":"category","embeddable":true,"href":"https:\/\/conakrynews.org\/index.php\/wp-json\/wp\/v2\/categories?post=10509"},{"taxonomy":"post_tag","embeddable":true,"href":"https:\/\/conakrynews.org\/index.php\/wp-json\/wp\/v2\/tags?post=10509"}],"curies":[{"name":"wp","href":"https:\/\/api.w.org\/{rel}","templated":true}]}}