{"id":10516,"date":"2021-10-12T09:21:27","date_gmt":"2021-10-12T09:21:27","guid":{"rendered":"https:\/\/conakrynews.org\/?p=10516"},"modified":"2021-10-13T08:01:13","modified_gmt":"2021-10-13T08:01:13","slug":"guineele-secretaire-general-du-ministere-des-mines-a-t-il-empeche-le-classement-des-societes-toro-goldla-ngdg-et-swr-internationale-dans-le-contrat-minier-de-kiniero","status":"publish","type":"post","link":"https:\/\/conakrynews.org\/index.php\/guineele-secretaire-general-du-ministere-des-mines-a-t-il-empeche-le-classement-des-societes-toro-goldla-ngdg-et-swr-internationale-dans-le-contrat-minier-de-kiniero\/","title":{"rendered":"Guin\u00e9e\/Primature: Le premier ministre invite les secr\u00e9taires g\u00e9n\u00e9raux \u00e0 travailler pour le peuple"},"content":{"rendered":"<div class=\"td-post-header\">\n<header class=\"td-post-title\">\n<h1 class=\"name post-title entry-title\" style=\"padding: 0px;margin-top: 0px;margin-bottom: 10px;border: 0px none;font-weight: normal;font-family: BebasNeueRegular, arial, Georgia, serif;font-size: 28px\"><\/h1>\n<p class=\"post-meta\" style=\"padding: 0px 0px 5px;margin: 7px 0px 10px;border-width: 0px 0px 1px;border-style: none none solid;color: #888888;font-size: 11.05px;font-family: 'Droid Sans';font-weight: 400;border-color: initial initial #f2f2f2 initial\">\n<div class=\"clear\" style=\"padding: 0px;margin: 0px;border: 0px none;clear: both;font-family: 'Droid Sans';font-size: 13px;font-weight: 400\"><\/div>\n<div class=\"entry\" style=\"padding: 0px;margin: 0px;border: 0px none;line-height: 22px;font-family: 'Droid Sans';font-size: 13px;font-weight: 400\">\n<p style=\"padding: 0px;margin: 0px 0px 20px;border: 0px none\">Conakry, le 12 Octobre 2021 \u2013 Conform\u00e9ment \u00e0 sa feuille de route d\u00e9livr\u00e9e par le Pr\u00e9sident de la Transition, le Colonel Mamadi Doumbouya, le Premier ministre Mohamed B\u00e9avogui a re\u00e7u ce mardi les Secr\u00e9taires g\u00e9n\u00e9raux des minist\u00e8res pour une prise de contact.<\/p>\n<p style=\"padding: 0px;margin: 0px 0px 20px;border: 0px none\">L\u2019\u00e9tat des dossiers en instance qui peuvent avoir un impact sur la vie des populations et la vision du nouveau locataire du palais de la Colombe sont rest\u00e9s au c\u0153ur de cette premi\u00e8re rencontre.<\/p>\n<p style=\"padding: 0px;margin: 0px 0px 20px;border: 0px none\">Face aux urgences d\u00e9clin\u00e9es, Mohamed B\u00e9avogui en qu\u00eate de solutions pratiques a demand\u00e9 \u00e0 chaque Secr\u00e9taire g\u00e9n\u00e9ral de lui faire parvenir une note technique pour un examen plus approfondi de son cabinet.<\/p>\n<p style=\"padding: 0px;margin: 0px 0px 20px;border: 0px none\">Le premier ministre a invit\u00e9 les Secr\u00e9taires g\u00e9n\u00e9raux \u00e0 travailler pour la nation et le peuple de Guin\u00e9e. \u00ab\u00a0Les projets et les programmes doivent continuer \u00e0 b\u00e9n\u00e9ficier aux populations\u00a0\u00bb. Pour r\u00e9ussir ce pari, Mohamed B\u00e9avogui exhorte aux changements d\u2019habitudes pour que \u00ab\u00a0la Guin\u00e9e gagne\u00a0\u00bb.<\/p>\n<p style=\"padding: 0px;margin: 0px 0px 20px;border: 0px none\">Pour plus de d\u00e9tails, pri\u00e8re de cliquer sur le lien suivant : https:\/\/cutt.ly\/TE6xBzf<\/p>\n<\/div>\n<div class=\"share-post\" style=\"padding: 8px 0px 6px 10px;margin: 10px -20px -20px;border-width: 1px 0px 0px;border-style: solid none none;clear: both;background: #f7f7f7;font-family: 'Droid Sans';font-size: 13px;font-weight: 400;border-color: #eaeaea initial initial initial\">\n<ul class=\"flat-social\" style=\"padding: 0px;margin: 0px;border: 0px none\">\n<li style=\"padding: 0px;margin: 0px;border: 0px none;float: left;width: 100px\"><\/li>\n<\/ul>\n<\/div>\n<\/header>\n<\/div>\n<div class=\"td-post-content tagdiv-type\">\n<div id=\"m#msg-f:1712798178479108663\" class=\"mail-message expanded\">\n<div class=\"mail-message-footer spacer collapsible\"><\/div>\n<\/div>\n<\/div>\n<footer>\n<div class=\"td-post-source-tags\"><\/div>\n<div class=\"td-post-sharing-bottom\"><\/div>\n<\/footer>\n","protected":false},"excerpt":{"rendered":"<p>Conakry, le 12 Octobre 2021 \u2013 Conform\u00e9ment \u00e0 sa feuille de route d\u00e9livr\u00e9e par le Pr\u00e9sident de la Transition, le Colonel Mamadi Doumbouya, le Premier ministre Mohamed B\u00e9avogui a re\u00e7u ce mardi les Secr\u00e9taires g\u00e9n\u00e9raux des minist\u00e8res pour une prise de contact. L\u2019\u00e9tat des dossiers en instance qui peuvent avoir un impact sur la vie [&hellip;]<\/p>\n","protected":false},"author":2,"featured_media":10523,"comment_status":"closed","ping_status":"closed","sticky":false,"template":"","format":"standard","meta":{"footnotes":""},"categories":[57],"tags":[],"class_list":{"0":"post-10516","1":"post","2":"type-post","3":"status-publish","4":"format-standard","5":"has-post-thumbnail","7":"category-politique"},"_links":{"self":[{"href":"https:\/\/conakrynews.org\/index.php\/wp-json\/wp\/v2\/posts\/10516","targetHints":{"allow":["GET"]}}],"collection":[{"href":"https:\/\/conakrynews.org\/index.php\/wp-json\/wp\/v2\/posts"}],"about":[{"href":"https:\/\/conakrynews.org\/index.php\/wp-json\/wp\/v2\/types\/post"}],"author":[{"embeddable":true,"href":"https:\/\/conakrynews.org\/index.php\/wp-json\/wp\/v2\/users\/2"}],"replies":[{"embeddable":true,"href":"https:\/\/conakrynews.org\/index.php\/wp-json\/wp\/v2\/comments?post=10516"}],"version-history":[{"count":0,"href":"https:\/\/conakrynews.org\/index.php\/wp-json\/wp\/v2\/posts\/10516\/revisions"}],"wp:featuredmedia":[{"embeddable":true,"href":"https:\/\/conakrynews.org\/index.php\/wp-json\/wp\/v2\/media\/10523"}],"wp:attachment":[{"href":"https:\/\/conakrynews.org\/index.php\/wp-json\/wp\/v2\/media?parent=10516"}],"wp:term":[{"taxonomy":"category","embeddable":true,"href":"https:\/\/conakrynews.org\/index.php\/wp-json\/wp\/v2\/categories?post=10516"},{"taxonomy":"post_tag","embeddable":true,"href":"https:\/\/conakrynews.org\/index.php\/wp-json\/wp\/v2\/tags?post=10516"}],"curies":[{"name":"wp","href":"https:\/\/api.w.org\/{rel}","templated":true}]}}