{"id":10526,"date":"2021-10-13T08:06:58","date_gmt":"2021-10-13T08:06:58","guid":{"rendered":"https:\/\/conakrynews.org\/?p=10526"},"modified":"2021-10-13T08:06:58","modified_gmt":"2021-10-13T08:06:58","slug":"guinee-transition-lanad-ne-fera-pas-de-demarches-particulieres-ou-de-revendications-officielles-pour-solliciter-des-postes-dans-le-gouvernement","status":"publish","type":"post","link":"https:\/\/conakrynews.org\/index.php\/guinee-transition-lanad-ne-fera-pas-de-demarches-particulieres-ou-de-revendications-officielles-pour-solliciter-des-postes-dans-le-gouvernement\/","title":{"rendered":"Guin\u00e9e\/Transition: L\u2019ANAD ne fera pas de d\u00e9marches particuli\u00e9res ou de r\u00e9vendications officielles pour solliciter des postes dans le gouvernement"},"content":{"rendered":"<h1 class=\"name post-title entry-title\"><\/h1>\n<p class=\"post-meta\">\n<div class=\"clear\"><\/div>\n<div class=\"entry\">\n<p>Sur la page Facebook de Keamou Bogola Haba responsable de la commission communication de l\u2019ANAD pr\u00e9sid\u00e9 par Cellou Dalein Diallo, il a annonc\u00e9 la position officielle dudit mouvement politique concernant leur participation au gouvernement de la transition.<\/p>\n<p>Selon Keamou Bogola Haba, l\u2019ANAD ne fera pas de d\u00e9marches particuli\u00e9res ou de r\u00e9vendications officielles pour solliciter des postes dans le gouvernement de la transition.<\/p>\n<p><strong>Voici le contenu de son message<\/strong><\/p>\n<p>La position officielle de la derni\u00e8re pleni\u00e8re des leaders de l\u2019ANAD sur la question de la participation de l\u2019ANAD au gouvernement de la transition.<\/p>\n<p>\u00ab\u00a0Si nous ne sommes pas sollicit\u00e9 officiellement par le CNRD pour appartenir au gouvernement de la transition,l\u2019ANAD ne fera pas de d\u00e9marches particuli\u00e9res ou de r\u00e9vendications officielles pour solliciter des postes dans le gouvernement y compris au poste de PM.<\/p>\n<p>Cependant, si certains cadres de l\u2019ANAD, de par leur competence et probit\u00e9 morale sont sollicit\u00e9s dans le gouvernement de la transition pour servir la nation, l\u2019ANAD ne s\u2019opposera pas et l\u2019alliance prendra acte et tirera toutes les cons\u00e9quences.\u00a0\u00bb<br \/>\nEn tout \u00e9tat de cause,la lutte pour le renforcement de l\u2019 ANAD doit continuer pour une victoire \u00e9clatante aux prochaines elections pour permettre \u00e1 l\u2019alliance d\u2019avoir le maximun de Maires, de conseillers r\u00e9gionaux, de d\u00e9put\u00e9s et gagner la Pr\u00e9sidentielle d\u00e8s le pr\u00e9mier tour.<\/p>\n<p>#ANAD, Unir et Servir<\/p>\n<p>Pour l\u2019ANAD<\/p>\n<p>Keamou Bogola Haba<br \/>\nPr\u00e9sident de la Commission Communication de l\u2019ANAD<\/p>\n<\/div>\n","protected":false},"excerpt":{"rendered":"<p>Sur la page Facebook de Keamou Bogola Haba responsable de la commission communication de l\u2019ANAD pr\u00e9sid\u00e9 par Cellou Dalein Diallo, il a annonc\u00e9 la position officielle dudit mouvement politique concernant leur participation au gouvernement de la transition. Selon Keamou Bogola Haba, l\u2019ANAD ne fera pas de d\u00e9marches particuli\u00e9res ou de r\u00e9vendications officielles pour solliciter des [&hellip;]<\/p>\n","protected":false},"author":2,"featured_media":10527,"comment_status":"closed","ping_status":"closed","sticky":false,"template":"","format":"standard","meta":{"footnotes":""},"categories":[57],"tags":[],"class_list":{"0":"post-10526","1":"post","2":"type-post","3":"status-publish","4":"format-standard","5":"has-post-thumbnail","7":"category-politique"},"_links":{"self":[{"href":"https:\/\/conakrynews.org\/index.php\/wp-json\/wp\/v2\/posts\/10526","targetHints":{"allow":["GET"]}}],"collection":[{"href":"https:\/\/conakrynews.org\/index.php\/wp-json\/wp\/v2\/posts"}],"about":[{"href":"https:\/\/conakrynews.org\/index.php\/wp-json\/wp\/v2\/types\/post"}],"author":[{"embeddable":true,"href":"https:\/\/conakrynews.org\/index.php\/wp-json\/wp\/v2\/users\/2"}],"replies":[{"embeddable":true,"href":"https:\/\/conakrynews.org\/index.php\/wp-json\/wp\/v2\/comments?post=10526"}],"version-history":[{"count":0,"href":"https:\/\/conakrynews.org\/index.php\/wp-json\/wp\/v2\/posts\/10526\/revisions"}],"wp:featuredmedia":[{"embeddable":true,"href":"https:\/\/conakrynews.org\/index.php\/wp-json\/wp\/v2\/media\/10527"}],"wp:attachment":[{"href":"https:\/\/conakrynews.org\/index.php\/wp-json\/wp\/v2\/media?parent=10526"}],"wp:term":[{"taxonomy":"category","embeddable":true,"href":"https:\/\/conakrynews.org\/index.php\/wp-json\/wp\/v2\/categories?post=10526"},{"taxonomy":"post_tag","embeddable":true,"href":"https:\/\/conakrynews.org\/index.php\/wp-json\/wp\/v2\/tags?post=10526"}],"curies":[{"name":"wp","href":"https:\/\/api.w.org\/{rel}","templated":true}]}}