{"id":10539,"date":"2021-10-14T07:16:32","date_gmt":"2021-10-14T07:16:32","guid":{"rendered":"https:\/\/conakrynews.org\/?p=10539"},"modified":"2021-10-14T07:16:32","modified_gmt":"2021-10-14T07:16:32","slug":"guinee-plusieurs-generaux-de-larmee-guineenne-mis-a-la-retraite-decret","status":"publish","type":"post","link":"https:\/\/conakrynews.org\/index.php\/guinee-plusieurs-generaux-de-larmee-guineenne-mis-a-la-retraite-decret\/","title":{"rendered":"Guin\u00e9e : Plusieurs g\u00e9n\u00e9raux de l\u2019arm\u00e9e guin\u00e9enne mis \u00e0 la retraite (D\u00e9cret)"},"content":{"rendered":"<h1 class=\"name post-title entry-title\"><\/h1>\n<p class=\"post-meta\">\n<div class=\"clear\"><\/div>\n<div class=\"entry\">\n<p>Dans un d\u00e9cret publi\u00e9 dans la soir\u00e9e du mardi 12 octobre 2021, le pr\u00e9sident de la transition, le colonel Mamadi Doumbouya \u00a0a mis \u00e0 la retraite plusieurs g\u00e9n\u00e9raux de l\u2019arm\u00e9e guin\u00e9enne, dont l\u2019ancien pr\u00e9sident de la transition de 2010 le g\u00e9n\u00e9ral S\u00e9kouba Konat\u00e9.<\/p>\n<p><strong>Voici la liste des officiers de l\u2019arm\u00e9e guin\u00e9enne qui doivent faire valoir leur droit \u00e0 la retraite<\/strong><\/p>\n<p>1- G\u00e9n\u00e9ral d\u2019arm\u00e9e S\u00e9kouba Konat\u00e9<\/p>\n<p>2- G\u00e9n\u00e9ral de corps d\u2019arm\u00e9e Namory Traor\u00e9<\/p>\n<p>3- G\u00e9n\u00e9ral de corps d\u2019arm\u00e9e Aboubacar Sidiki Camara<\/p>\n<p>4- G\u00e9n\u00e9ral de corps d\u2019arm\u00e9e Ibrahima Bald\u00e9<\/p>\n<p>5- G\u00e9n\u00e9ral de division Mohamed 2 Bangoura<\/p>\n<p>6- G\u00e9n\u00e9ral de division Alpha Oumar Diallo<\/p>\n<p>7- G\u00e9n\u00e9ral de division Fod\u00e9 K\u00e9ita<\/p>\n<p>8- G\u00e9n\u00e9ral de division Fod\u00e9 Tour\u00e9<\/p>\n<p>9- G\u00e9n\u00e9ral de division Bour\u00e9ma Cond\u00e9<\/p>\n<p>10- G\u00e9n\u00e9ral de division Amadou Doumbouya<\/p>\n<p>11- G\u00e9n\u00e9ral de division a\u00e9rienne Naby Youssouf Soumah<\/p>\n<p>12- G\u00e9n\u00e9ral de division a\u00e9rienne Bambo Fofana<\/p>\n<p>13- G\u00e9n\u00e9ral de division Soba Lolamou<\/p>\n<p>14-G\u00e9n\u00e9ral de division Mathurin Bangoura<\/p>\n<p>15- G\u00e9n\u00e9ral de brigade Oumar Sanoh<\/p>\n<p>16- G\u00e9n\u00e9ral de brigade Ansoumane Kaba<\/p>\n<p>17- G\u00e9n\u00e9ral de brigade Mohamed Dian\u00e9<\/p>\n<p>18- G\u00e9n\u00e9ral de brigade P\u00e9p\u00e9 Roger Sagno<\/p>\n<p>19- G\u00e9n\u00e9ral de brigade Tidiane Diallo<\/p>\n<p>20- G\u00e9n\u00e9ral de brigade Abdoulaye K\u00e9ita<\/p>\n<p>21- G\u00e9n\u00e9ral de brigade N\u2019Ma Hawa Sylla<\/p>\n<p>22- G\u00e9n\u00e9ral de brigade Amadou Kaba<\/p>\n<p>23- G\u00e9n\u00e9ral de brigade Aly Moussa Camara<\/p>\n<p>24- G\u00e9n\u00e9ral de brigade Ibrahima Kalil Cond\u00e9<\/p>\n<p>25- G\u00e9n\u00e9ral de brigade Naby Youssouf Bangoura<\/p>\n<p>26- G\u00e9n\u00e9ral de brigade Aboubacar Diakit\u00e9<\/p>\n<p>27- G\u00e9n\u00e9ral de brigade Mohamed Lamine K\u00e9ita<\/p>\n<p>28- G\u00e9n\u00e9ral de brigade Bachir DIALLO<\/p>\n<p>29- G\u00e9n\u00e9ral de brigade Boundouka Cond\u00e9<\/p>\n<p>30- G\u00e9n\u00e9ral de brigade Aboubacar Biro Cond\u00e9<\/p>\n<p>31- G\u00e9n\u00e9ral de brigade Edouard T\u00e9a<\/p>\n<p>32- G\u00e9n\u00e9ral de brigade Mohamed Lamine Diarra<\/p>\n<p>33- M\u00e9decin G\u00e9n\u00e9ral R\u00e9my Lamah<\/p>\n<p>34- M\u00e9decin G\u00e9n\u00e9ral M\u2019Bemba Kaba<\/p>\n<p>35- G\u00e9n\u00e9ral de brigade a\u00e9rienne Sidy Yaya Camara<\/p>\n<p>36- G\u00e9n\u00e9ral de brigade a\u00e9rienne Aboubacar Monchon Bangoura<\/p>\n<p>37- G\u00e9n\u00e9ral de brigade a\u00e9rienne George Sy<\/p>\n<p>38- G\u00e9n\u00e9ral de brigade Mamadou Djan Diallo<\/p>\n<p>39- Amiral Z\u00e9z\u00e9 Onivogui<\/p>\n<p>40- Amiral Lansana Tour\u00e9<\/p>\n<p>41- G\u00e9n\u00e9ral de brigade Oumar Kandet<\/p>\n<p>42- G\u00e9n\u00e9ral de brigade Lusmane Camara<\/p>\n<p>\u00c0 noter que dans un autre d\u00e9cret le g\u00e9n\u00e9ral Ibrahima Bald\u00e9, responsable du haut commandement de la Gendarmerie nationale et directeur de la justice militaire a \u00e9t\u00e9 remplac\u00e9 par le colonel Balla Samoura jusque-l\u00e0 commandant de la zone sp\u00e9ciale de Conakry, et le colonel Sadiba Koulibaly a \u00e9t\u00e9 nomm\u00e9 chef d\u2019\u00e9tat-major g\u00e9n\u00e9ral de l\u2019arm\u00e9e en remplacement Gl Namory Traor\u00e9 partie directement en retraite.<\/p>\n<p>Ensuite, le Colonel Abdoulaye Keita alias Commando Fakh\u00e8 a aussi \u00e9t\u00e9 nomm\u00e9 Inspecteur G\u00e9n\u00e9ral des Forces arm\u00e9es guin\u00e9ennes \u00e0 la place du G\u00e9n\u00e9ral de division Alpha Ousmane Diallo.<\/p>\n<p>&nbsp;<\/p>\n<p><strong>Karifa Zoumanigui<\/strong><\/p>\n<\/div>\n","protected":false},"excerpt":{"rendered":"<p>Dans un d\u00e9cret publi\u00e9 dans la soir\u00e9e du mardi 12 octobre 2021, le pr\u00e9sident de la transition, le colonel Mamadi Doumbouya \u00a0a mis \u00e0 la retraite plusieurs g\u00e9n\u00e9raux de l\u2019arm\u00e9e guin\u00e9enne, dont l\u2019ancien pr\u00e9sident de la transition de 2010 le g\u00e9n\u00e9ral S\u00e9kouba Konat\u00e9. Voici la liste des officiers de l\u2019arm\u00e9e guin\u00e9enne qui doivent faire valoir [&hellip;]<\/p>\n","protected":false},"author":2,"featured_media":10540,"comment_status":"closed","ping_status":"closed","sticky":false,"template":"","format":"standard","meta":{"footnotes":""},"categories":[58],"tags":[],"class_list":{"0":"post-10539","1":"post","2":"type-post","3":"status-publish","4":"format-standard","5":"has-post-thumbnail","7":"category-societe"},"_links":{"self":[{"href":"https:\/\/conakrynews.org\/index.php\/wp-json\/wp\/v2\/posts\/10539","targetHints":{"allow":["GET"]}}],"collection":[{"href":"https:\/\/conakrynews.org\/index.php\/wp-json\/wp\/v2\/posts"}],"about":[{"href":"https:\/\/conakrynews.org\/index.php\/wp-json\/wp\/v2\/types\/post"}],"author":[{"embeddable":true,"href":"https:\/\/conakrynews.org\/index.php\/wp-json\/wp\/v2\/users\/2"}],"replies":[{"embeddable":true,"href":"https:\/\/conakrynews.org\/index.php\/wp-json\/wp\/v2\/comments?post=10539"}],"version-history":[{"count":0,"href":"https:\/\/conakrynews.org\/index.php\/wp-json\/wp\/v2\/posts\/10539\/revisions"}],"wp:featuredmedia":[{"embeddable":true,"href":"https:\/\/conakrynews.org\/index.php\/wp-json\/wp\/v2\/media\/10540"}],"wp:attachment":[{"href":"https:\/\/conakrynews.org\/index.php\/wp-json\/wp\/v2\/media?parent=10539"}],"wp:term":[{"taxonomy":"category","embeddable":true,"href":"https:\/\/conakrynews.org\/index.php\/wp-json\/wp\/v2\/categories?post=10539"},{"taxonomy":"post_tag","embeddable":true,"href":"https:\/\/conakrynews.org\/index.php\/wp-json\/wp\/v2\/tags?post=10539"}],"curies":[{"name":"wp","href":"https:\/\/api.w.org\/{rel}","templated":true}]}}