{"id":10543,"date":"2021-10-14T16:47:31","date_gmt":"2021-10-14T16:47:31","guid":{"rendered":"https:\/\/conakrynews.org\/?p=10543"},"modified":"2021-10-14T16:51:23","modified_gmt":"2021-10-14T16:51:23","slug":"generaux-a-la-retraite-le-colonel-doumbouya-est-un-homme-audacieux-cest-de-notoriete-publique-thierno-mamadou-bah","status":"publish","type":"post","link":"https:\/\/conakrynews.org\/index.php\/generaux-a-la-retraite-le-colonel-doumbouya-est-un-homme-audacieux-cest-de-notoriete-publique-thierno-mamadou-bah\/","title":{"rendered":"G\u00e9n\u00e9raux \u00e0 la retraite\u00a0: \u00ab\u2026le Colonel Doumbouya est un homme audacieux. C\u2019est de notori\u00e9t\u00e9 publique\u00a0\u00bb\u00a0(Thierno Mamadou Bah)"},"content":{"rendered":"<div class=\"jeg_breadcrumbs jeg_breadcrumb_container\">\n<div id=\"breadcrumbs\"><\/div>\n<\/div>\n<div class=\"entry-header\">\n<div class=\"jeg_meta_container\">\n<div class=\"jeg_post_meta jeg_post_meta_1\">\n<div class=\"meta_left\">\n<div class=\"jeg_meta_author\"><\/div>\n<\/div>\n<div class=\"meta_right\"><\/div>\n<\/div>\n<\/div>\n<\/div>\n<div class=\"jeg_featured featured_image\">\n<div class=\"thumbnail-container animate-lazy\"><\/div>\n<\/div>\n<div class=\"jeg_share_top_container\">\n<div class=\"jeg_share_button clearfix\">\n<div class=\"jeg_share_stats\"><\/div>\n<div class=\"jeg_sharelist\"><\/div>\n<\/div>\n<\/div>\n<div class=\"jeg_ad jeg_article jnews_content_top_ads \">\n<div class=\"ads-wrapper \"><\/div>\n<\/div>\n<div class=\"entry-content no-share\">\n<div class=\"jeg_share_button share-float jeg_sticky_share clearfix share-monocrhome\">\n<div class=\"jeg_share_float_container\"><\/div>\n<\/div>\n<div class=\"content-inner \">\n<p>Suite au d\u00e9part massif \u00e0 la retraite des G\u00e9n\u00e9raux de l\u2019arm\u00e9e guin\u00e9enne, nous avons tendu le micro \u00e0 Thierno Mamadou Bah-TMB-, homme de m\u00e9dias et homme politique, pour recueillir ses sentiments.<\/p>\n<p><strong>Mosaiqueguinee.com\u00a0: Le Colonel Mamadi Doumbouya a surpris tout le monde en balan\u00e7ant tous les g\u00e9n\u00e9raux de l\u2019arm\u00e9e guin\u00e9enne \u00e0 la retraite. N\u2019est-ce pas trop os\u00e9 et risqu\u00e9\u00a0?<\/strong><\/p>\n<p><strong>TMB\u00a0:<\/strong>\u00a0D\u2019abord, il ne les a pas \u2018\u2019balanc\u00e9s\u2019\u2019 comme vous le dites-l\u00e0. Ils vont plut\u00f4t faire valoir leurs droits \u00e0 la retraite, et certains d\u2019entre eux sont appel\u00e9s \u00e0 d\u2019autres fonctions. Les mots \u00e0 utiliser sont tr\u00e8s importants en pareilles circonstances. Vous demandez si ce n\u2019est pas trop os\u00e9 et risqu\u00e9\u00a0? Risqu\u00e9, non. Il n\u2019y a aucun risque \u00e0 mon avis. Mais os\u00e9 et courageux, oui. Mais le Colonel-Pr\u00e9sident Mamadi Doumbouya est un homme audacieux. C\u2019est prouv\u00e9 et c\u2019est de notori\u00e9t\u00e9 publique. N\u2019est-ce pas lui, \u00e0 ses risques et p\u00e9rils, qui a lib\u00e9r\u00e9 le peuple du joug dictatorial du pouvoir Cond\u00e9\u00a0?<\/p>\n<div class=\"jeg_ad jeg_ad_article jnews_content_inline_ads \">\n<div class=\"ads-wrapper align-center \">\n<div class=\"ads_code\"><\/div>\n<\/div>\n<\/div>\n<p>Et c\u2019est donc une bonne chose qu\u2019il instruise d\u2019appliquer le statut qui r\u00e9git la carri\u00e8re des g\u00e9n\u00e9raux et leur faire b\u00e9n\u00e9ficier de toutes les mesures d\u2019accompagnement pr\u00e9d\u00e9finies dans ledit statut.<\/p>\n<p>Mais vous savez bien que j\u2019ai annonc\u00e9, dans une interview-t\u00e9l\u00e9, et il y a moins d\u2019une ann\u00e9e, que le Pr\u00e9sident Cond\u00e9 allait in\u00e9vitablement chuter et qu\u2019il risquait de sortir par la fen\u00eatre. Et nous y sommes depuis le 5 septembre 2021. Mais l\u00e0, l\u2019espoir renait et tout le monde doit y contribuer. Je connais tr\u00e8s bien ce pays et ses acteurs. Le Colonel Mamadi Doumbouya est un homme attentif, serein et r\u00e9solument engag\u00e9 pour sortir la Guin\u00e9e -\u00e0 tout prix- du gouffre. Il veut et est en train de travailler d\u2019arrache-pied pour r\u00e9ussir. Il y consent \u00e9norm\u00e9ment de sacrifices. Soyons donc patients, optimistes et surtout positifs.<\/p>\n<p><strong>Mosa\u00efqueguinee.com\u00a0: Et comment expliquer qu\u2019il n\u2019y ait plus des g\u00e9n\u00e9raux dans l\u2019arm\u00e9e guin\u00e9enne\u00a0?<\/strong><\/p>\n<p><strong>TMB\u00a0:<\/strong>\u00a0C\u2019est le temps des Colonels. Et que voulez-vous\u00a0?<\/p>\n<p><strong>Propos recueillis par Sa\u00efdou Barry<\/strong><\/p>\n<\/div>\n<\/div>\n","protected":false},"excerpt":{"rendered":"<p>Suite au d\u00e9part massif \u00e0 la retraite des G\u00e9n\u00e9raux de l\u2019arm\u00e9e guin\u00e9enne, nous avons tendu le micro \u00e0 Thierno Mamadou Bah-TMB-, homme de m\u00e9dias et homme politique, pour recueillir ses sentiments. Mosaiqueguinee.com\u00a0: Le Colonel Mamadi Doumbouya a surpris tout le monde en balan\u00e7ant tous les g\u00e9n\u00e9raux de l\u2019arm\u00e9e guin\u00e9enne \u00e0 la retraite. N\u2019est-ce pas trop [&hellip;]<\/p>\n","protected":false},"author":2,"featured_media":10546,"comment_status":"closed","ping_status":"closed","sticky":false,"template":"","format":"standard","meta":{"footnotes":""},"categories":[58],"tags":[],"class_list":{"0":"post-10543","1":"post","2":"type-post","3":"status-publish","4":"format-standard","5":"has-post-thumbnail","7":"category-societe"},"_links":{"self":[{"href":"https:\/\/conakrynews.org\/index.php\/wp-json\/wp\/v2\/posts\/10543","targetHints":{"allow":["GET"]}}],"collection":[{"href":"https:\/\/conakrynews.org\/index.php\/wp-json\/wp\/v2\/posts"}],"about":[{"href":"https:\/\/conakrynews.org\/index.php\/wp-json\/wp\/v2\/types\/post"}],"author":[{"embeddable":true,"href":"https:\/\/conakrynews.org\/index.php\/wp-json\/wp\/v2\/users\/2"}],"replies":[{"embeddable":true,"href":"https:\/\/conakrynews.org\/index.php\/wp-json\/wp\/v2\/comments?post=10543"}],"version-history":[{"count":0,"href":"https:\/\/conakrynews.org\/index.php\/wp-json\/wp\/v2\/posts\/10543\/revisions"}],"wp:featuredmedia":[{"embeddable":true,"href":"https:\/\/conakrynews.org\/index.php\/wp-json\/wp\/v2\/media\/10546"}],"wp:attachment":[{"href":"https:\/\/conakrynews.org\/index.php\/wp-json\/wp\/v2\/media?parent=10543"}],"wp:term":[{"taxonomy":"category","embeddable":true,"href":"https:\/\/conakrynews.org\/index.php\/wp-json\/wp\/v2\/categories?post=10543"},{"taxonomy":"post_tag","embeddable":true,"href":"https:\/\/conakrynews.org\/index.php\/wp-json\/wp\/v2\/tags?post=10543"}],"curies":[{"name":"wp","href":"https:\/\/api.w.org\/{rel}","templated":true}]}}