{"id":10578,"date":"2021-10-18T08:50:58","date_gmt":"2021-10-18T08:50:58","guid":{"rendered":"https:\/\/conakrynews.org\/?p=10578"},"modified":"2021-10-18T08:50:58","modified_gmt":"2021-10-18T08:50:58","slug":"guinee-le-colonel-mamadi-doumbouya-recoit-la-delegation-de-lue-et-les-ambassadeurs-representants-des-pays-membres","status":"publish","type":"post","link":"https:\/\/conakrynews.org\/index.php\/guinee-le-colonel-mamadi-doumbouya-recoit-la-delegation-de-lue-et-les-ambassadeurs-representants-des-pays-membres\/","title":{"rendered":"Guin\u00e9e: Le colonel Mamadi Doumbouya re\u00e7oit la d\u00e9l\u00e9gation de l\u2019UE et les ambassadeurs repr\u00e9sentants des pays membres"},"content":{"rendered":"<h1 class=\"name post-title entry-title\"><\/h1>\n<p class=\"post-meta\">\n<div class=\"clear\"><\/div>\n<div class=\"entry\">\n<p>Le Pr\u00e9sident de la Transition a re\u00e7u en audience vendredi 15 octobre 2021 la d\u00e9l\u00e9gation de l\u2019Union europ\u00e9enne et les ambassadeurs repr\u00e9sentants des pays membres.<\/p>\n<p>Cette rencontre avec les diplomates vise \u00e0 \u00e9difier la communaut\u00e9 internationale sur les motivations de la prise du pouvoir le 05 Septembre 2021 et d\u00e9clin\u00e9 l\u2019objectif du CNRD qui est de r\u00e9concilier les Guin\u00e9ens et de b\u00e2tir des institutions fortes, gages de D\u00e9mocratie, de l\u2019\u00c9tat de Droit et de la bonne gouvernance.<\/p>\n<p>Il a par ailleurs pr\u00e9cis\u00e9 que le processus de transition portera \u00e9galement sur la refondation de l\u2019administration afin d\u2019en faire un levier de d\u00e9veloppement et d\u2019\u00e9tablir les bases d\u2019une justice ind\u00e9pendante et accessible \u00e0 tous.<\/p>\n<p>Le Chef de l\u2019Etat a \u00e9galement saisi l\u2019occasion pour inviter la communaut\u00e9 internationale \u00e0 accompagner fortement la Guin\u00e9e en ces p\u00e9riodes historiques.<\/p>\n<p>&nbsp;<\/p>\n<p><strong>Avec CNRD-Guineequotidien<\/strong><\/p>\n<\/div>\n","protected":false},"excerpt":{"rendered":"<p>Le Pr\u00e9sident de la Transition a re\u00e7u en audience vendredi 15 octobre 2021 la d\u00e9l\u00e9gation de l\u2019Union europ\u00e9enne et les ambassadeurs repr\u00e9sentants des pays membres. Cette rencontre avec les diplomates vise \u00e0 \u00e9difier la communaut\u00e9 internationale sur les motivations de la prise du pouvoir le 05 Septembre 2021 et d\u00e9clin\u00e9 l\u2019objectif du CNRD qui est [&hellip;]<\/p>\n","protected":false},"author":2,"featured_media":10579,"comment_status":"closed","ping_status":"closed","sticky":false,"template":"","format":"standard","meta":{"footnotes":""},"categories":[57],"tags":[],"class_list":{"0":"post-10578","1":"post","2":"type-post","3":"status-publish","4":"format-standard","5":"has-post-thumbnail","7":"category-politique"},"_links":{"self":[{"href":"https:\/\/conakrynews.org\/index.php\/wp-json\/wp\/v2\/posts\/10578","targetHints":{"allow":["GET"]}}],"collection":[{"href":"https:\/\/conakrynews.org\/index.php\/wp-json\/wp\/v2\/posts"}],"about":[{"href":"https:\/\/conakrynews.org\/index.php\/wp-json\/wp\/v2\/types\/post"}],"author":[{"embeddable":true,"href":"https:\/\/conakrynews.org\/index.php\/wp-json\/wp\/v2\/users\/2"}],"replies":[{"embeddable":true,"href":"https:\/\/conakrynews.org\/index.php\/wp-json\/wp\/v2\/comments?post=10578"}],"version-history":[{"count":0,"href":"https:\/\/conakrynews.org\/index.php\/wp-json\/wp\/v2\/posts\/10578\/revisions"}],"wp:featuredmedia":[{"embeddable":true,"href":"https:\/\/conakrynews.org\/index.php\/wp-json\/wp\/v2\/media\/10579"}],"wp:attachment":[{"href":"https:\/\/conakrynews.org\/index.php\/wp-json\/wp\/v2\/media?parent=10578"}],"wp:term":[{"taxonomy":"category","embeddable":true,"href":"https:\/\/conakrynews.org\/index.php\/wp-json\/wp\/v2\/categories?post=10578"},{"taxonomy":"post_tag","embeddable":true,"href":"https:\/\/conakrynews.org\/index.php\/wp-json\/wp\/v2\/tags?post=10578"}],"curies":[{"name":"wp","href":"https:\/\/api.w.org\/{rel}","templated":true}]}}