{"id":10582,"date":"2021-10-18T09:14:15","date_gmt":"2021-10-18T09:14:15","guid":{"rendered":"https:\/\/conakrynews.org\/?p=10582"},"modified":"2021-10-18T09:14:15","modified_gmt":"2021-10-18T09:14:15","slug":"rumeurs-de-complot-a-bissau-le-gouvernement-dedramatise","status":"publish","type":"post","link":"https:\/\/conakrynews.org\/index.php\/rumeurs-de-complot-a-bissau-le-gouvernement-dedramatise\/","title":{"rendered":"Rumeurs de complot \u00e0 Bissau: le gouvernement d\u00e9dramatise"},"content":{"rendered":"<h1 class=\"name post-title entry-title\"><\/h1>\n<p class=\"post-meta\">\n<div class=\"clear\"><\/div>\n<div class=\"entry\">\n<p>Un jour apr\u00e8s la sortie du chef d\u2019\u00e9tat-major des forces arm\u00e9es de Guin\u00e9e-Bissau, le g\u00e9n\u00e9ral Biagu\u00e9 Na N\u2019Tan, disant avoir d\u00e9jou\u00e9 un complot, le gouvernement tente de calmer le jeu.<\/p>\n<p><em>\u00ab\u00a0Nous tenons \u00e0 pr\u00e9ciser \u00e0 l\u2019endroit de l\u2019opinion publique que le chef d\u2019\u00e9tat-major g\u00e9n\u00e9ral n\u2019a pas d\u00e9nonc\u00e9 un quelconque mouvement vers un coup d\u2019\u00c9tat, parce qu\u2019en Guin\u00e9e-Bissau il n\u2019y a pas de coup d\u2019\u00c9tat en pr\u00e9paration. La Guin\u00e9e-Bissau se dirige vers une d\u00e9cennie de vie politique dans la paix et la tranquillit\u00e9, sans coup d\u2019\u00c9tat\u00a0\u00bb<\/em>, a d\u00e9clar\u00e9 Fernando Vaz, ministre du Tourisme et porte-parole du gouvernement.<\/p>\n<p>Entre temps, des voix s\u2019\u00e9l\u00e8vent pour exiger une enqu\u00eate sur les d\u00e9clarations du g\u00e9n\u00e9ral Na N\u2019Tan\u200b.<\/p>\n<p><em>\u00ab\u00a0Le chef d\u2019\u00e9tat-major dispose d\u2019une structure, en l\u2019occurrence le Conseil d\u2019\u00e9tat-major et d\u2019autres entit\u00e9s, qu\u2019il peut saisir pour savoir ce qui se passe vraiment. En d\u2019autres termes, il peut convoquer ces personnes qu\u2019il dit avoir identifi\u00e9es\u00a0\u00bb<\/em>, a d\u00e9clar\u00e9 l\u2019avocat Augusto Na Samb\u00e9, de l\u2019Institut de d\u00e9fense nationale, qui qualifie de\u00a0<em>\u00ab\u00a0tr\u00e8s graves\u00a0\u00bb<\/em>\u00a0les propos du g\u00e9n\u00e9ral.<\/p>\n<p><em>\u00ab\u00a0Il est n\u00e9cessaire de d\u00e9voiler les bases sur lesquelles ce mouvement est con\u00e7u pour provoquer un coup d\u2019\u00c9tat\u00a0\u00bb<\/em>, a d\u00e9clar\u00e9 Fransual Dias, un autre avocat.<\/p>\n<p>Il convient de noter que ce n\u2019est pas la premi\u00e8re fois que le g\u00e9n\u00e9ral Biagu\u00e9 Na N\u2019Tan insinue la mobilisation des militaires pour subvertir l\u2019ordre constitutionnel du pays.<\/p>\n<p>Aucune d\u00e9claration pour l\u2019instant de la part du chef de l\u2019\u00c9tat Umaro Sissoco Embalo, qui la veille avait \u00e9t\u00e9 re\u00e7u par son homologue fran\u00e7ais Emmanuel Macron au Palais de l\u2019Elys\u00e9e, \u00e0 Paris.<\/p>\n<p><em>Article de Lassana Cassam\u00e1 du service en langue portugaise de la VOA. Traduit et adapt\u00e9 par VOA Afrique.\u00a0<a class=\"wsw__a\" href=\"https:\/\/www.voaportugues.com\/a\/guin%C3%A9-bissau-juristas-pedem-investiga%C3%A7%C3%A3o-a-den%C3%BAncias-do-homem-forte-das-fa-e-governo-desdramatiza\/6272400.html\" target=\"_blank\" rel=\"noopener noreferrer\">Lire l\u2019original &gt;&gt;<\/a><\/em><\/p>\n<p>&nbsp;<\/p>\n<p>Avec VOA<\/p>\n<\/div>\n","protected":false},"excerpt":{"rendered":"<p>Un jour apr\u00e8s la sortie du chef d\u2019\u00e9tat-major des forces arm\u00e9es de Guin\u00e9e-Bissau, le g\u00e9n\u00e9ral Biagu\u00e9 Na N\u2019Tan, disant avoir d\u00e9jou\u00e9 un complot, le gouvernement tente de calmer le jeu. \u00ab\u00a0Nous tenons \u00e0 pr\u00e9ciser \u00e0 l\u2019endroit de l\u2019opinion publique que le chef d\u2019\u00e9tat-major g\u00e9n\u00e9ral n\u2019a pas d\u00e9nonc\u00e9 un quelconque mouvement vers un coup d\u2019\u00c9tat, parce [&hellip;]<\/p>\n","protected":false},"author":2,"featured_media":10583,"comment_status":"closed","ping_status":"closed","sticky":false,"template":"","format":"standard","meta":{"footnotes":""},"categories":[57],"tags":[],"class_list":{"0":"post-10582","1":"post","2":"type-post","3":"status-publish","4":"format-standard","5":"has-post-thumbnail","7":"category-politique"},"_links":{"self":[{"href":"https:\/\/conakrynews.org\/index.php\/wp-json\/wp\/v2\/posts\/10582","targetHints":{"allow":["GET"]}}],"collection":[{"href":"https:\/\/conakrynews.org\/index.php\/wp-json\/wp\/v2\/posts"}],"about":[{"href":"https:\/\/conakrynews.org\/index.php\/wp-json\/wp\/v2\/types\/post"}],"author":[{"embeddable":true,"href":"https:\/\/conakrynews.org\/index.php\/wp-json\/wp\/v2\/users\/2"}],"replies":[{"embeddable":true,"href":"https:\/\/conakrynews.org\/index.php\/wp-json\/wp\/v2\/comments?post=10582"}],"version-history":[{"count":0,"href":"https:\/\/conakrynews.org\/index.php\/wp-json\/wp\/v2\/posts\/10582\/revisions"}],"wp:featuredmedia":[{"embeddable":true,"href":"https:\/\/conakrynews.org\/index.php\/wp-json\/wp\/v2\/media\/10583"}],"wp:attachment":[{"href":"https:\/\/conakrynews.org\/index.php\/wp-json\/wp\/v2\/media?parent=10582"}],"wp:term":[{"taxonomy":"category","embeddable":true,"href":"https:\/\/conakrynews.org\/index.php\/wp-json\/wp\/v2\/categories?post=10582"},{"taxonomy":"post_tag","embeddable":true,"href":"https:\/\/conakrynews.org\/index.php\/wp-json\/wp\/v2\/tags?post=10582"}],"curies":[{"name":"wp","href":"https:\/\/api.w.org\/{rel}","templated":true}]}}