{"id":10595,"date":"2021-10-19T11:31:08","date_gmt":"2021-10-19T11:31:08","guid":{"rendered":"https:\/\/conakrynews.org\/?p=10595"},"modified":"2021-10-19T11:31:08","modified_gmt":"2021-10-19T11:31:08","slug":"jose-maria-neves-elu-president-du-cap-vert","status":"publish","type":"post","link":"https:\/\/conakrynews.org\/index.php\/jose-maria-neves-elu-president-du-cap-vert\/","title":{"rendered":"Jos\u00e9 Maria Neves \u00e9lu pr\u00e9sident du Cap-Vert"},"content":{"rendered":"<h1 class=\"name post-title entry-title\"><\/h1>\n<p class=\"post-meta\">\n<div class=\"clear\"><\/div>\n<div class=\"entry\">\n<div class=\"hdr with-share\">\n<div class=\"hdr-nav-frag\">\n<div class=\"container\">PRAIA \u2013 L\u2019ancien Premier ministre Jos\u00e9 Maria Neves a \u00e9t\u00e9 \u00e9lu dimanche pr\u00e9sident du Cap-Vert avec 51,5 % des suffrages exprim\u00e9s, selon les r\u00e9sultats provisoires publi\u00e9s par la commission \u00e9lectorale.<\/div>\n<\/div>\n<\/div>\n<div id=\"content\">\n<div class=\"container\">\n<div class=\"body-container\">\n<div class=\"row\">\n<div class=\"col-xs-12 col-sm-12 col-md-10 col-lg-10 pull-right\">\n<div class=\"row\">\n<div class=\"col-xs-12 col-sm-12 col-md-8 col-lg-8 pull-left bottom-offset content-offset\">\n<div id=\"article-content\" class=\"content-floated-wrap fb-quotable\">\n<div class=\"wsw\">\n<p>Avec 96 % des votes comptabilis\u00e9s, il devance largement Carlos Veiga, du Mouvement pour la d\u00e9mocratie (MpD, centre droit, majoritaire au Parlement).<\/p>\n<p>M. Veiga, 71 ans, est lui aussi un ancien Premier ministre, ayant dirig\u00e9 de 1991 \u00e0 2000. Il obtient 42,6% des suffrages, selon les m\u00eames r\u00e9sultats.<\/p>\n<p>Les cinq autres candidats en lice ont obtenu ensemble environ 6% des voix.<\/p>\n<p>Toujours selon les r\u00e9sultats pr\u00e9liminaires, le taux d\u2019abstention \u00e9tait d\u2019environ 51,8 %.<\/p>\n<p>A peine un peu plus de trois heures apr\u00e8s la fermeture des bureaux de vote, M. Veiga, qui b\u00e9n\u00e9ficiait aussi du soutien de l\u2019UCID, la troisi\u00e8me force au Parlement, a appel\u00e9 le vainqueur pour le pour f\u00e9liciter.<\/p>\n<p>Un geste qui consolide davantage la r\u00e9putation de l\u2019archipel comme l\u2019un des pays les plus stables et les mieux gouvern\u00e9s d\u2019Afrique.<\/p>\n<p>Ces r\u00e9sultats doivent encore \u00eatre valid\u00e9s par la commission \u00e9lectorale. S\u2019ils le sont, c\u2019est une cohabitation qui s\u2019annonce \u00e0 la t\u00eate du Cap-Vert.<\/p>\n<p>Les \u00e9lecteurs avaient reconduit le 18 avril le MpD du Premier ministre Ulisses Correia e Silva (38 si\u00e8ges), devant le PAICV de Janira Hopffer Almada (30 si\u00e8ges sur 72).<\/p>\n<p>Le champ d\u2019action du pr\u00e9sident est restreint. Le Cap-Vert est dot\u00e9 d\u2019un r\u00e9gime semi-parlementaire faisant la part belle au Premier ministre, au gouvernement et au Parlement.<\/p>\n<p>En tout, 398.864 Cap-Verdiens, dont plus de 56.000 dans la diaspora, \u00e9taient attendus aux urnes.<\/p>\n<p>Le pr\u00e9sident sortant, Jorge Carlos Fonseca du MpD, ne pouvait pas briguer un troisi\u00e8me mandat cons\u00e9cutif, ayant d\u00e9j\u00e0 remport\u00e9 les \u00e9lections de 2011 et de 2016.<\/p>\n<p><em>Avec AFP.<\/em><\/p>\n<\/div>\n<\/div>\n<\/div>\n<\/div>\n<\/div>\n<\/div>\n<\/div>\n<\/div>\n<\/div>\n<\/div>\n","protected":false},"excerpt":{"rendered":"<p>PRAIA \u2013 L\u2019ancien Premier ministre Jos\u00e9 Maria Neves a \u00e9t\u00e9 \u00e9lu dimanche pr\u00e9sident du Cap-Vert avec 51,5 % des suffrages exprim\u00e9s, selon les r\u00e9sultats provisoires publi\u00e9s par la commission \u00e9lectorale. Avec 96 % des votes comptabilis\u00e9s, il devance largement Carlos Veiga, du Mouvement pour la d\u00e9mocratie (MpD, centre droit, majoritaire au Parlement). M. Veiga, 71 [&hellip;]<\/p>\n","protected":false},"author":2,"featured_media":10596,"comment_status":"closed","ping_status":"closed","sticky":false,"template":"","format":"standard","meta":{"footnotes":""},"categories":[57],"tags":[],"class_list":{"0":"post-10595","1":"post","2":"type-post","3":"status-publish","4":"format-standard","5":"has-post-thumbnail","7":"category-politique"},"_links":{"self":[{"href":"https:\/\/conakrynews.org\/index.php\/wp-json\/wp\/v2\/posts\/10595","targetHints":{"allow":["GET"]}}],"collection":[{"href":"https:\/\/conakrynews.org\/index.php\/wp-json\/wp\/v2\/posts"}],"about":[{"href":"https:\/\/conakrynews.org\/index.php\/wp-json\/wp\/v2\/types\/post"}],"author":[{"embeddable":true,"href":"https:\/\/conakrynews.org\/index.php\/wp-json\/wp\/v2\/users\/2"}],"replies":[{"embeddable":true,"href":"https:\/\/conakrynews.org\/index.php\/wp-json\/wp\/v2\/comments?post=10595"}],"version-history":[{"count":0,"href":"https:\/\/conakrynews.org\/index.php\/wp-json\/wp\/v2\/posts\/10595\/revisions"}],"wp:featuredmedia":[{"embeddable":true,"href":"https:\/\/conakrynews.org\/index.php\/wp-json\/wp\/v2\/media\/10596"}],"wp:attachment":[{"href":"https:\/\/conakrynews.org\/index.php\/wp-json\/wp\/v2\/media?parent=10595"}],"wp:term":[{"taxonomy":"category","embeddable":true,"href":"https:\/\/conakrynews.org\/index.php\/wp-json\/wp\/v2\/categories?post=10595"},{"taxonomy":"post_tag","embeddable":true,"href":"https:\/\/conakrynews.org\/index.php\/wp-json\/wp\/v2\/tags?post=10595"}],"curies":[{"name":"wp","href":"https:\/\/api.w.org\/{rel}","templated":true}]}}