{"id":10627,"date":"2021-10-22T08:01:49","date_gmt":"2021-10-22T08:01:49","guid":{"rendered":"https:\/\/conakrynews.org\/?p=10627"},"modified":"2021-10-22T08:01:49","modified_gmt":"2021-10-22T08:01:49","slug":"guinee-decret-nomination-de-trois-ministres-et-un-secretaire-general-du-gouvernement","status":"publish","type":"post","link":"https:\/\/conakrynews.org\/index.php\/guinee-decret-nomination-de-trois-ministres-et-un-secretaire-general-du-gouvernement\/","title":{"rendered":"Guin\u00e9e\/D\u00e9cret: Nomination de trois ministres et un secr\u00e9taire g\u00e9n\u00e9ral du gouvernement"},"content":{"rendered":"<h1 class=\"name post-title entry-title\"><\/h1>\n<p class=\"post-meta\">\n<div class=\"clear\"><\/div>\n<div class=\"entry\">\n<p>Dans un decret lu \u00e0 la t\u00e9l\u00e9vision nationale, le pr\u00e9sident de la transition, colonel Mamadi Doumbouya a proc\u00e9d\u00e9 \u00e0 la nomination de la premi\u00e8re partie des membres du gouvernement.<\/p>\n<p>Dans ce d\u00e9cret, le g\u00e9n\u00e9ral \u00e0 la retraite Aboubacar Sidiki Camara, alias Idi Amin a \u00e9t\u00e9 nomm\u00e9 ministre d\u00e9l\u00e9gu\u00e9 \u00e0 la d\u00e9fense.<\/p>\n<p><strong>Voici la liste des cadres promus<\/strong><\/p>\n<p>&nbsp;<\/p>\n<p>-Bachir Diallo : Ministre de la S\u00e9curit\u00e9 et de la Protection civile, jusque-l\u00e0\u00a0 attach\u00e9 de d\u00e9fense en Alg\u00e9rie.<\/p>\n<p>-Aboubacar Sidiki Camara : Ministre d\u00e9l\u00e9gu\u00e9 charg\u00e9 de la D\u00e9fense Nationale, pr\u00e9c\u00e9demment ambassadeur extraordinaire et pl\u00e9nipotentiaire de la R\u00e9publique de Guin\u00e9e\u00a0 en R\u00e9publique de Cuba.<\/p>\n<p>&nbsp;<\/p>\n<p>-Mme lopou Lamah : Ministre de l\u2019Environnement et du D\u00e9veloppement Durable, pr\u00e9c\u00e9demment directrice nationale du commerce ext\u00e9rieur et de la comp\u00e9titivit\u00e9<\/p>\n<p>&nbsp;<\/p>\n<p>-Abdourahmane Sikh\u00e9 Camara : Secr\u00e9taire G\u00e9n\u00e9ral du Gouvernement avec rang de Ministre, pr\u00e9c\u00e9demment conseiller principale du ministre secr\u00e9taire g\u00e9n\u00e9ral du gouvernement.<\/p>\n<p>&nbsp;<\/p>\n<p><strong>Fanta Kamano<\/strong><\/p>\n<\/div>\n","protected":false},"excerpt":{"rendered":"<p>Dans un decret lu \u00e0 la t\u00e9l\u00e9vision nationale, le pr\u00e9sident de la transition, colonel Mamadi Doumbouya a proc\u00e9d\u00e9 \u00e0 la nomination de la premi\u00e8re partie des membres du gouvernement. Dans ce d\u00e9cret, le g\u00e9n\u00e9ral \u00e0 la retraite Aboubacar Sidiki Camara, alias Idi Amin a \u00e9t\u00e9 nomm\u00e9 ministre d\u00e9l\u00e9gu\u00e9 \u00e0 la d\u00e9fense. Voici la liste des [&hellip;]<\/p>\n","protected":false},"author":2,"featured_media":10628,"comment_status":"closed","ping_status":"closed","sticky":false,"template":"","format":"standard","meta":{"footnotes":""},"categories":[57],"tags":[],"class_list":{"0":"post-10627","1":"post","2":"type-post","3":"status-publish","4":"format-standard","5":"has-post-thumbnail","7":"category-politique"},"_links":{"self":[{"href":"https:\/\/conakrynews.org\/index.php\/wp-json\/wp\/v2\/posts\/10627","targetHints":{"allow":["GET"]}}],"collection":[{"href":"https:\/\/conakrynews.org\/index.php\/wp-json\/wp\/v2\/posts"}],"about":[{"href":"https:\/\/conakrynews.org\/index.php\/wp-json\/wp\/v2\/types\/post"}],"author":[{"embeddable":true,"href":"https:\/\/conakrynews.org\/index.php\/wp-json\/wp\/v2\/users\/2"}],"replies":[{"embeddable":true,"href":"https:\/\/conakrynews.org\/index.php\/wp-json\/wp\/v2\/comments?post=10627"}],"version-history":[{"count":0,"href":"https:\/\/conakrynews.org\/index.php\/wp-json\/wp\/v2\/posts\/10627\/revisions"}],"wp:featuredmedia":[{"embeddable":true,"href":"https:\/\/conakrynews.org\/index.php\/wp-json\/wp\/v2\/media\/10628"}],"wp:attachment":[{"href":"https:\/\/conakrynews.org\/index.php\/wp-json\/wp\/v2\/media?parent=10627"}],"wp:term":[{"taxonomy":"category","embeddable":true,"href":"https:\/\/conakrynews.org\/index.php\/wp-json\/wp\/v2\/categories?post=10627"},{"taxonomy":"post_tag","embeddable":true,"href":"https:\/\/conakrynews.org\/index.php\/wp-json\/wp\/v2\/tags?post=10627"}],"curies":[{"name":"wp","href":"https:\/\/api.w.org\/{rel}","templated":true}]}}