{"id":10633,"date":"2021-10-23T07:21:40","date_gmt":"2021-10-23T07:21:40","guid":{"rendered":"https:\/\/conakrynews.org\/?p=10633"},"modified":"2021-10-23T07:21:40","modified_gmt":"2021-10-23T07:21:40","slug":"belgique-cellou-dalein-diallo-echange-avec-les-responsables-du-service-europeen-pour-laction-exterieure-seae","status":"publish","type":"post","link":"https:\/\/conakrynews.org\/index.php\/belgique-cellou-dalein-diallo-echange-avec-les-responsables-du-service-europeen-pour-laction-exterieure-seae\/","title":{"rendered":"Belgique : Cellou Dalein Diallo \u00e9change avec les responsables du Service Europ\u00e9en pour l\u2019Action Ext\u00e9rieure (SEAE)"},"content":{"rendered":"<h1 class=\"name post-title entry-title\"><\/h1>\n<div class=\"entry\">\n<p>Cette annonce a \u00e9t\u00e9 faite sur la page Facebook du leader de l\u2019UFDG, Cellou Dalein Diallo au cours de sa tourn\u00e9e europ\u00e9enne entam\u00e9e il y a quelques jours.<\/p>\n<p>Dans sa publication, Cellou Dalein affirme ceci\u00a0: \u00ab\u00a0 J\u2019ai eu des \u00e9changes fructueux avec Bernard Quentin, Directeur Afrique et Directeur g\u00e9n\u00e9ral adjoint du Service europ\u00e9en pour l\u2019action ext\u00e9rieure (SEAE) assist\u00e9 de son collaborateur Roberto Olmi et de Madame Marie Shand, Responsable de la coop\u00e9ration internationale de la Commission europ\u00e9enne\u00a0\u00bb.<\/p>\n<p>&nbsp;<\/p>\n<p>Poursuivant, il a pr\u00e9cis\u00e9 en ces termes\u00a0: \u00ab\u00a0J\u2019ai saisi cette opportunit\u00e9 pour expliquer que l\u2019ordre constitutionnel \u00e9tait d\u00e9j\u00e0 rompu en Guin\u00e9e depuis le double scrutin du 22 mars et le hold-up \u00e9lectoral du 18 octobre 2020\u00a0\u00bb.<\/p>\n<p>&nbsp;<\/p>\n<p>\u00ab\u00a0C\u2019est pourquoi j\u2019ai d\u00e9fendu que l\u2019intervention de l\u2019arm\u00e9e doit \u00eatre consid\u00e9r\u00e9e comme un premier pas vers le retour \u00e0 l\u2019ordre constitutionnel avant de plaider plut\u00f4t pour un renforcement de la coop\u00e9ration avec la Guin\u00e9e et surtout un soutien appuy\u00e9 de l\u2019UE \u00e0 la transition.\u00a0\u00bb Conclut-il Cellou Dalein Diallo<\/p>\n<p>&nbsp;<\/p>\n<p><strong>Karifa Zoumanigui<\/strong><\/p>\n<\/div>\n","protected":false},"excerpt":{"rendered":"<p>Cette annonce a \u00e9t\u00e9 faite sur la page Facebook du leader de l\u2019UFDG, Cellou Dalein Diallo au cours de sa tourn\u00e9e europ\u00e9enne entam\u00e9e il y a quelques jours. Dans sa publication, Cellou Dalein affirme ceci\u00a0: \u00ab\u00a0 J\u2019ai eu des \u00e9changes fructueux avec Bernard Quentin, Directeur Afrique et Directeur g\u00e9n\u00e9ral adjoint du Service europ\u00e9en pour l\u2019action [&hellip;]<\/p>\n","protected":false},"author":2,"featured_media":10634,"comment_status":"closed","ping_status":"closed","sticky":false,"template":"","format":"standard","meta":{"footnotes":""},"categories":[57],"tags":[],"class_list":{"0":"post-10633","1":"post","2":"type-post","3":"status-publish","4":"format-standard","5":"has-post-thumbnail","7":"category-politique"},"_links":{"self":[{"href":"https:\/\/conakrynews.org\/index.php\/wp-json\/wp\/v2\/posts\/10633","targetHints":{"allow":["GET"]}}],"collection":[{"href":"https:\/\/conakrynews.org\/index.php\/wp-json\/wp\/v2\/posts"}],"about":[{"href":"https:\/\/conakrynews.org\/index.php\/wp-json\/wp\/v2\/types\/post"}],"author":[{"embeddable":true,"href":"https:\/\/conakrynews.org\/index.php\/wp-json\/wp\/v2\/users\/2"}],"replies":[{"embeddable":true,"href":"https:\/\/conakrynews.org\/index.php\/wp-json\/wp\/v2\/comments?post=10633"}],"version-history":[{"count":0,"href":"https:\/\/conakrynews.org\/index.php\/wp-json\/wp\/v2\/posts\/10633\/revisions"}],"wp:featuredmedia":[{"embeddable":true,"href":"https:\/\/conakrynews.org\/index.php\/wp-json\/wp\/v2\/media\/10634"}],"wp:attachment":[{"href":"https:\/\/conakrynews.org\/index.php\/wp-json\/wp\/v2\/media?parent=10633"}],"wp:term":[{"taxonomy":"category","embeddable":true,"href":"https:\/\/conakrynews.org\/index.php\/wp-json\/wp\/v2\/categories?post=10633"},{"taxonomy":"post_tag","embeddable":true,"href":"https:\/\/conakrynews.org\/index.php\/wp-json\/wp\/v2\/tags?post=10633"}],"curies":[{"name":"wp","href":"https:\/\/api.w.org\/{rel}","templated":true}]}}