{"id":10652,"date":"2021-10-25T17:38:05","date_gmt":"2021-10-25T17:38:05","guid":{"rendered":"https:\/\/conakrynews.org\/?p=10652"},"modified":"2021-10-25T18:12:20","modified_gmt":"2021-10-25T18:12:20","slug":"coup-de-force-au-soudan-le-general-al-burhan-annonce-la-dissolution-des-autorites-de-transition","status":"publish","type":"post","link":"https:\/\/conakrynews.org\/index.php\/coup-de-force-au-soudan-le-general-al-burhan-annonce-la-dissolution-des-autorites-de-transition\/","title":{"rendered":"Coup de force au Soudan: le g\u00e9n\u00e9ral al-Burhan annonce la dissolution des autorit\u00e9s de transition"},"content":{"rendered":"<h1 class=\"name post-title entry-title\"><\/h1>\n<p class=\"post-meta\">Des hommes arm\u00e9s ont arr\u00eat\u00e9, t\u00f4t ce lundi 25 octobre au matin, plusieurs dirigeants soudanais, dont le Premier ministre, apr\u00e8s des semaines de tensions entre les autorit\u00e9s militaires et civiles de transition. Suivez en direct l\u2019\u00e9volution de la situation.<\/p>\n<div class=\"entry\">\n<p><strong>\u2022 Le\u00a0g\u00e9n\u00e9ral soudanais\u00a0Abdel Fattah al-Burhan a annonc\u00e9\u00a0la dissolution\u00a0des autorit\u00e9s de transition et\u00a0d\u00e9cr\u00e8te l\u2019\u00e9tat d\u2019urgence.<\/strong><\/p>\n<p><strong>\u2022 T\u00f4t ce matin, l\u2019arm\u00e9e soudanaise a arr\u00eat\u00e9 plusieurs dirigeants civils de la transition dont le Premier ministre Abdallah Hamdok.<\/strong><\/p>\n<p><strong>\u2022 Depuis l\u2019aube, de nombreux manifestants sont dans les\u00a0rues de Khartoum alors que les syndicats appellent \u00e0 de la d\u00e9sob\u00e9issance civile.\u00a0L\u2019arm\u00e9e a tir\u00e9 \u00ab\u00a0\u00e0 balles r\u00e9elles\u00a0\u00bb\u00a0sur des protestataires devant les quartiers g\u00e9n\u00e9raux de l\u2019arm\u00e9e en fin de matin\u00e9e.<\/strong><\/p>\n<p><strong>\u2022 La communaut\u00e9 internationale se dit\u00a0inqui\u00e8te\u00a0suite au \u00ab\u00a0coup d\u2019\u00c9tat\u00a0\u00bb.<\/strong><\/p>\n<p><em>Pour le r\u00e9capitulatif des \u00e9v\u00e9nements, nous utilisons les heures fran\u00e7aises (TU+2).<\/em><\/p>\n<p><strong>13h44:<\/strong><em><strong>\u00a0<\/strong><\/em>Parmi les slogans scand\u00e9s par la foule, on peut entendre :<em><strong>\u00a0\u00ab\u00a0<\/strong>Les r\u00e9volutionnaires libres continueront la lutte<\/em>\u00a0\u00bb, \u00ab\u00a0<em>notre r\u00e9volution est pacifique et le restera<\/em>\u00a0\u00bb ou encore \u00ab\u00a0<em>ce ne sont pas les balles qui tuent, mais le silence impos\u00e9 au peuple\u00a0<\/em>\u00bb.<\/p>\n<p><strong>13h03 :\u00a0<\/strong>Le pr\u00e9sident fran\u00e7ais Emmanuel Macron condamne et appelle \u00ab<em>\u00a0au respect de l\u2019int\u00e9grit\u00e9 du Premier ministre\u00a0<\/em>\u00bb. \u00ab<em>\u00a0J\u2019exprime notre soutien au gouvernement de transition soudanais et appelle \u00e0 la lib\u00e9ration imm\u00e9diate et au respect de l\u2019int\u00e9grit\u00e9 du Premier ministre et des dirigeants civils<\/em>\u00a0\u00bb, a soulign\u00e9 le pr\u00e9sident fran\u00e7ais dans un tweet.<\/p>\n<blockquote><p>&nbsp;<\/p>\n<p><main role=\"main\" data-nav-container=\"\">\u00a0<\/main><\/p>\n<div class=\"t-content t-content--article\">\n<article data-article-content=\"\">\n<div class=\"t-content__body u-clearfix\" data-speech-body=\"\" data-empty-p=\"true\">\n<p><strong>13h03 :\u00a0<\/strong>Le pr\u00e9sident fran\u00e7ais Emmanuel Macron condamne et appelle \u00ab<em>\u00a0au respect de l\u2019int\u00e9grit\u00e9 du Premier ministre\u00a0<\/em>\u00bb. \u00ab<em>\u00a0J\u2019exprime notre soutien au gouvernement de transition soudanais et appelle \u00e0 la lib\u00e9ration imm\u00e9diate et au respect de l\u2019int\u00e9grit\u00e9 du Premier ministre et des dirigeants civils<\/em>\u00a0\u00bb, a soulign\u00e9 le pr\u00e9sident fran\u00e7ais dans un tweet.<\/p>\n<div id=\"em-WBMZ97279-RFI-FR-20211025\" class=\"m-em-flash\">\n<blockquote class=\"twitter-tweet\">\n<p dir=\"ltr\" lang=\"fr\">La France condamne avec la plus grande fermet\u00e9 la tentative de coup d\u2019\u00c9tat au Soudan. J\u2019exprime notre soutien au gouvernement de transition soudanais et appelle \u00e0 la lib\u00e9ration imm\u00e9diate et au respect de l\u2019int\u00e9grit\u00e9 du Premier ministre et des dirigeants civils.<\/p>\n<p>\u2014 Emmanuel Macron (@EmmanuelMacron)\u00a0<a href=\"https:\/\/twitter.com\/EmmanuelMacron\/status\/1452587794208108552?ref_src=twsrc%5Etfw\">October 25, 2021<\/a><\/p><\/blockquote>\n<\/div>\n<p><strong>12h22<\/strong>\u00a0<strong>:\u00a0<\/strong>La Commission europ\u00e9enne a appel\u00e9\u00a0\u00e0 la \u00ab<em>\u00a0lib\u00e9ration rapide\u00a0<\/em>\u00bb des dirigeants civils du gouvernement du Soudan, dont le Premier ministre, arr\u00eat\u00e9s par les forces de s\u00e9curit\u00e9, et r\u00e9clam\u00e9 un r\u00e9tablissement \u00ab<em>\u00a0urgent\u00a0<\/em>\u00bb\u00a0des communications dans le pays. \u00ab\u00a0<em>Nous\u00a0appelons urgemment \u00e0 ce que les moyens de communications ne soient pas entrav\u00e9s pour permettre de joindre ceux qui en ont besoin\u00a0<\/em>\u00bb, a d\u00e9clar\u00e9 Nabila Massrali, une porte-parole de l\u2019ex\u00e9cutif europ\u00e9en, ajoutant que \u00ab<em>\u00a0toute violence et bain de sang devaient \u00eatre \u00e9vit\u00e9s \u00e0 tout prix\u00a0<\/em>\u00bb.<\/p>\n<p><strong>12h14 : Le\u00a0g\u00e9n\u00e9ral soudanais\u00a0Abdel Fattah al-Burhan, qui dirigeait le Conseil de transition,\u00a0annonce la dissolution du Conseil de ce Conseil\u00a0ainsi que du\u00a0gouvernement<\/strong>.\u00a0Il d\u00e9clare aussi qu\u2019un \u00e9tat d\u2019urgence est d\u00e9cr\u00e9t\u00e9 dans l\u2019ensemble du pays. Il ajoute enfin qu\u2019un \u00ab<em>\u00a0gouvernement de personnes comp\u00e9tentes<\/em>\u00a0\u00bb va \u00eatre form\u00e9. En bref, les militaires reprennent le contr\u00f4le, r\u00e9sume notre correspondant \u00e0 Khartoum,\u00a0<strong>Elliot Brachet<\/strong>.\u00a0Le g\u00e9n\u00e9ral a r\u00e9it\u00e9r\u00e9 son attachement \u00e0 \u00ab<em>\u00a0la transition vers un \u00c9tat civil<\/em>\u00a0\u00bb\u00a0et promis de cr\u00e9er les nombreuses institutions \u00e9tatiques, comme la Cour supr\u00eame, qui auraient d\u00fb voir le jour il y a plusieurs mois, selon le calendrier de transition act\u00e9 apr\u00e8s le renversement de l\u2019autocrate Omar el-B\u00e9chir en 2019.<\/p>\n<\/div>\n<p><strong>Lre la suite avec RFI<\/strong><\/p>\n<\/article>\n<\/div>\n<p>&nbsp;<\/p><\/blockquote>\n<\/div>\n","protected":false},"excerpt":{"rendered":"<p>Des hommes arm\u00e9s ont arr\u00eat\u00e9, t\u00f4t ce lundi 25 octobre au matin, plusieurs dirigeants soudanais, dont le Premier ministre, apr\u00e8s des semaines de tensions entre les autorit\u00e9s militaires et civiles de transition. Suivez en direct l\u2019\u00e9volution de la situation. \u2022 Le\u00a0g\u00e9n\u00e9ral soudanais\u00a0Abdel Fattah al-Burhan a annonc\u00e9\u00a0la dissolution\u00a0des autorit\u00e9s de transition et\u00a0d\u00e9cr\u00e8te l\u2019\u00e9tat d\u2019urgence. \u2022 T\u00f4t [&hellip;]<\/p>\n","protected":false},"author":2,"featured_media":10653,"comment_status":"closed","ping_status":"closed","sticky":false,"template":"","format":"standard","meta":{"footnotes":""},"categories":[57],"tags":[],"class_list":{"0":"post-10652","1":"post","2":"type-post","3":"status-publish","4":"format-standard","5":"has-post-thumbnail","7":"category-politique"},"_links":{"self":[{"href":"https:\/\/conakrynews.org\/index.php\/wp-json\/wp\/v2\/posts\/10652","targetHints":{"allow":["GET"]}}],"collection":[{"href":"https:\/\/conakrynews.org\/index.php\/wp-json\/wp\/v2\/posts"}],"about":[{"href":"https:\/\/conakrynews.org\/index.php\/wp-json\/wp\/v2\/types\/post"}],"author":[{"embeddable":true,"href":"https:\/\/conakrynews.org\/index.php\/wp-json\/wp\/v2\/users\/2"}],"replies":[{"embeddable":true,"href":"https:\/\/conakrynews.org\/index.php\/wp-json\/wp\/v2\/comments?post=10652"}],"version-history":[{"count":0,"href":"https:\/\/conakrynews.org\/index.php\/wp-json\/wp\/v2\/posts\/10652\/revisions"}],"wp:featuredmedia":[{"embeddable":true,"href":"https:\/\/conakrynews.org\/index.php\/wp-json\/wp\/v2\/media\/10653"}],"wp:attachment":[{"href":"https:\/\/conakrynews.org\/index.php\/wp-json\/wp\/v2\/media?parent=10652"}],"wp:term":[{"taxonomy":"category","embeddable":true,"href":"https:\/\/conakrynews.org\/index.php\/wp-json\/wp\/v2\/categories?post=10652"},{"taxonomy":"post_tag","embeddable":true,"href":"https:\/\/conakrynews.org\/index.php\/wp-json\/wp\/v2\/tags?post=10652"}],"curies":[{"name":"wp","href":"https:\/\/api.w.org\/{rel}","templated":true}]}}