{"id":10688,"date":"2021-10-28T07:28:32","date_gmt":"2021-10-28T07:28:32","guid":{"rendered":"https:\/\/conakrynews.org\/?p=10688"},"modified":"2021-10-28T07:28:32","modified_gmt":"2021-10-28T07:28:32","slug":"affaire-ustg-la-cour-dappel-de-conakry-interdit-abdoulaye-sow-de-parler-au-nom-de-linstitution","status":"publish","type":"post","link":"https:\/\/conakrynews.org\/index.php\/affaire-ustg-la-cour-dappel-de-conakry-interdit-abdoulaye-sow-de-parler-au-nom-de-linstitution\/","title":{"rendered":"Affaire USTG : La cour d\u2019appel de Conakry interdit Abdoulaye Sow de parler au nom de l\u2019institution"},"content":{"rendered":"<h1 class=\"name post-title entry-title\"><\/h1>\n<p class=\"post-meta\">\n<div class=\"clear\"><\/div>\n<div class=\"entry\">\n<p>En pr\u00e9sence des journalistes ce mercredi 27 octobre 2021, le secr\u00e9taire g\u00e9n\u00e9ral adjoint de l\u2019USTG,\u00a0 Alpha Mamoud Diallo a annonc\u00e9 \u00e0 travers une d\u00e9claration la fin du conflit interne opposant les Camarades Abdoulaye Camara \u00e0 Abdoulaye Sow.<\/p>\n<p>Au cour de la lecture de ladite d\u00e9claration, le camarade \u00a0Alpha Mamoud Diallo a mentionn\u00e9 qu\u2019\u00e0 compter\u00a0de ce jour, I\u2019interdiction est faite \u00e0 toute autre personne d\u2019aller en mission au nom de cette institution s\u2019il n\u2019est pas mandat\u00e9e par le Secr\u00e9taire General de l\u2019USTG Abdoulaye Camara ou\u00a0 repr\u00e9sentant .<\/p>\n<p><strong>\u00a0<\/strong><\/p>\n<p><strong>Voici le contenu de ladite\u00a0d\u00e9claration de l\u2019USTG<\/strong><\/p>\n<p>&nbsp;<\/p>\n<p>Camarades Travailleurs et Travailleuses de Guin\u00e9e !<\/p>\n<p>Le Bureau Ex\u00e9cutif National de l\u2019Union Syndicale des Travailleurs de Guin\u00e9e (USTG) par ma voix, a le grand plaisir et la joie immense de vous annoncer que la Cour d\u2019Appel de Conakry a tranch\u00e9 d\u00e9finitivement le conflit interne opposant les deux fractions de I\u2019USTG, cette d\u00e9cision a \u00e9t\u00e9 prise de consign\u00e9e dans l\u2019extrait des minutes de greffe de l\u2019audience du 12 Octobre 2021 et de la grosse sign\u00e9e et d\u00e9livr\u00e9e le Lundi 25 Octobre 2021.<\/p>\n<p>&nbsp;<\/p>\n<p>Par ce verdict, les d\u00e9cisions suivantes sont prises<\/p>\n<p>&nbsp;<\/p>\n<ol>\n<li>La cour d\u2019Appel, constate que la proc\u00e9dure relative \u00e0 la convocation et a la tenue du 6Congr\u00e8s statutaire des 26, 27 et 28 Octobre 2018 de l\u2019USTG \u00e0 l\u2019ENATEF de Mamou est r\u00e9guli\u00e8re et est fait conform\u00e9ment aux statuts et r\u00e8glement int\u00e9rieur<\/li>\n<\/ol>\n<p>&nbsp;<\/p>\n<ol start=\"2\">\n<li>Confirme l\u2019\u00e9lection de Mr Abdoulaye CAMARA au poste de Secr\u00e9taire G\u00e9n\u00e9ral du Bureau ex\u00e9cutif entrant de l\u2019USTG issu du 6eme congr\u00e8s tenu les 26, 27 et 28 Octobre 2018 \u00e0 l\u2019ENATEF de Mamou<\/li>\n<\/ol>\n<p>&nbsp;<\/p>\n<ol start=\"3\">\n<li>D\u00e9clare irr\u00e9guli\u00e8re la convocation et la tenue du deuxi\u00e8me 6eme congr\u00e8s de I\u2019USTG les 19, 20 et 21 Novembre 2018 au Palais du Peuple de Conakry<\/li>\n<li>Constate que l\u2019\u00e9lection de Mr Abdoulaye Sow au poste de Secr\u00e9taire g\u00e9n\u00e9ral de I\u2019USTG et les autres membres dudit Bureau ex\u00e9cutif de I\u2019USTG, sont contraires aux statuts et r\u00e8glement int\u00e9rieur de la centrale syndicale USTG<\/li>\n<li>Annule dans toutes ses dispositions le deuxi\u00e8me Congr\u00e8s de l\u2019USTG, tenu le 19,20 et 21 Novembre 2018 par le Bureau Ex\u00e9cutif sortant de l\u2019USTG au Palais du Peuple de Conakry.<\/li>\n<\/ol>\n<p>&nbsp;<\/p>\n<ol start=\"6\">\n<li>Ordonne l\u2019expulsion de Mr\u00a0 Abdoulaye Sow et tous les autres occupants du si\u00e8ge du Bureau Ex\u00e9cutif de l\u2019Union Syndicale des Travailleurs de Guinee (USTG), sis au Quartier Boulbinet, commune de Kaloum<\/li>\n<\/ol>\n<p>&nbsp;<\/p>\n<p>7-Les condamne au paiement d\u2019un franc symbolique \u00e0 titre de dommage-int\u00e9r\u00eat pour tous pr\u00e9judices confondus<\/p>\n<p>&nbsp;<\/p>\n<p>Le tout en application des dispositions des Articles 13, 16 des statuts de l\u2019USTG, des articles 16; 22 et 24 du r\u00e8glement int\u00e9rieur de I\u2019USTG, de l\u2019article 741 du CPCEA et des articles 668 et 1112 du code civil.<\/p>\n<p>&nbsp;<\/p>\n<p>En conclusion, la cour d\u2019appel pr\u00e9cise<\/p>\n<p>&nbsp;<\/p>\n<p>En cons\u00e9quence, la R\u00e9publique de Guin\u00e9e mande et ordonne tout huissier\u00a0 de Justice sur ce requis de mettre le pr\u00e9sent arr\u00eat \u00e0 ex\u00e9cution<\/p>\n<p>&nbsp;<\/p>\n<p>Aux procureurs g\u00e9n\u00e9raux, procureurs de la R\u00e9publique, pr\u00e8s les cours d\u2019appel et tribunaux de 1ere instance, dit tenir la main.<\/p>\n<p>&nbsp;<\/p>\n<p>\u00c0 tous pr\u00e9fets, sous-pr\u00e9fets et officiers de la force publique, de pr\u00eater main forte lorsqu\u2019ils en seront totalement requis<\/p>\n<p>&nbsp;<\/p>\n<p>En foi de quoi, la pr\u00e9sente grosse a \u00e9t\u00e9 sign\u00e9e et d\u00e9livr\u00e9e par le chef de greffe de la cour d\u2019appel de Conakry le vingt-cing Octobre deux milles Vingt un.\u00bb<\/p>\n<p>&nbsp;<\/p>\n<p>De ce qui pr\u00e9c\u00e8de, le Bureau Ex\u00e9cutif National de l\u2019Union Syndicale des Travailleurs de Guin\u00e9e (USTG) informe les travailleurs et travailleuses de Guin\u00e9e, ainsi que les autorit\u00e9s \u00e0 tous les niveaux que seul l\u2019USTG dirig\u00e9e par le G\u00e9n\u00e9ral Abdoulaye CAMARA r\u00e9pond d\u00e9sormais au nom de I\u2019USTG.<\/p>\n<p>&nbsp;<\/p>\n<p>\u00c0 compter de ce jour, I\u2019interdiction est faite \u00e0 toute autre personne d\u2019aller en mission au nom de cette institution s\u2019il n\u2019est pas mandat\u00e9e par le Secr\u00e9taire General de l\u2019USTG ou son repr\u00e9sentant.<\/p>\n<p>&nbsp;<\/p>\n<p>Camarades Travailleurs et Travailleuses de Guin\u00e9e, Union Syndicale des Travailleurs de Guin\u00e9e (USTG) vous f\u00e9licite et vous remercie pour la r\u00e9silience observ\u00e9e ces trois (03) ans durant, et vous confirme toute sa disponibilit\u00e9 \u00e0 \u0153uvrer inlassablement pour la paix sociale et l\u2019am\u00e9lioration des conditions de vie et de Travail des Travailleurs.<\/p>\n<p>&nbsp;<\/p>\n<p>Vive I \u2018Union Syndicale des Travailleurs de Guin\u00e9e<\/p>\n<p>&nbsp;<\/p>\n<p>Vive la solidarit\u00e9 syndicale!<\/p>\n<p>&nbsp;<\/p>\n<p>Vive la R\u00e9publique!<\/p>\n<\/div>\n","protected":false},"excerpt":{"rendered":"<p>En pr\u00e9sence des journalistes ce mercredi 27 octobre 2021, le secr\u00e9taire g\u00e9n\u00e9ral adjoint de l\u2019USTG,\u00a0 Alpha Mamoud Diallo a annonc\u00e9 \u00e0 travers une d\u00e9claration la fin du conflit interne opposant les Camarades Abdoulaye Camara \u00e0 Abdoulaye Sow. Au cour de la lecture de ladite d\u00e9claration, le camarade \u00a0Alpha Mamoud Diallo a mentionn\u00e9 qu\u2019\u00e0 compter\u00a0de ce [&hellip;]<\/p>\n","protected":false},"author":2,"featured_media":10689,"comment_status":"closed","ping_status":"closed","sticky":false,"template":"","format":"standard","meta":{"footnotes":""},"categories":[58],"tags":[],"class_list":{"0":"post-10688","1":"post","2":"type-post","3":"status-publish","4":"format-standard","5":"has-post-thumbnail","7":"category-societe"},"_links":{"self":[{"href":"https:\/\/conakrynews.org\/index.php\/wp-json\/wp\/v2\/posts\/10688","targetHints":{"allow":["GET"]}}],"collection":[{"href":"https:\/\/conakrynews.org\/index.php\/wp-json\/wp\/v2\/posts"}],"about":[{"href":"https:\/\/conakrynews.org\/index.php\/wp-json\/wp\/v2\/types\/post"}],"author":[{"embeddable":true,"href":"https:\/\/conakrynews.org\/index.php\/wp-json\/wp\/v2\/users\/2"}],"replies":[{"embeddable":true,"href":"https:\/\/conakrynews.org\/index.php\/wp-json\/wp\/v2\/comments?post=10688"}],"version-history":[{"count":0,"href":"https:\/\/conakrynews.org\/index.php\/wp-json\/wp\/v2\/posts\/10688\/revisions"}],"wp:featuredmedia":[{"embeddable":true,"href":"https:\/\/conakrynews.org\/index.php\/wp-json\/wp\/v2\/media\/10689"}],"wp:attachment":[{"href":"https:\/\/conakrynews.org\/index.php\/wp-json\/wp\/v2\/media?parent=10688"}],"wp:term":[{"taxonomy":"category","embeddable":true,"href":"https:\/\/conakrynews.org\/index.php\/wp-json\/wp\/v2\/categories?post=10688"},{"taxonomy":"post_tag","embeddable":true,"href":"https:\/\/conakrynews.org\/index.php\/wp-json\/wp\/v2\/tags?post=10688"}],"curies":[{"name":"wp","href":"https:\/\/api.w.org\/{rel}","templated":true}]}}