{"id":10692,"date":"2021-10-28T08:46:38","date_gmt":"2021-10-28T08:46:38","guid":{"rendered":"https:\/\/conakrynews.org\/?p=10692"},"modified":"2021-10-28T08:48:05","modified_gmt":"2021-10-28T08:48:05","slug":"cimaf-guinee-les-travailleurs-declenchent-une-greve-illimitee","status":"publish","type":"post","link":"https:\/\/conakrynews.org\/index.php\/cimaf-guinee-les-travailleurs-declenchent-une-greve-illimitee\/","title":{"rendered":"CIMAF-GUINEE: LES TRAVAILLEURS D\u00c9CLENCHENT UNE GR\u00c8VE ILLIMIT\u00c9E\u00a0"},"content":{"rendered":"<div id=\"m8642630686292260920\" class=\"mail-message expanded\">\n<div class=\"mail-message-content collapsible zoom-normal mail-show-images \">\n<div class=\"clear\">\n<div dir=\"auto\">\n<div dir=\"auto\"><\/div>\n<div dir=\"auto\"><\/div>\n<div dir=\"auto\"><\/div>\n<div dir=\"auto\"><\/div>\n<div dir=\"auto\"><\/div>\n<div dir=\"auto\">Les travailleurs de l&rsquo;usine Ciment de l&rsquo;Afrique ont d\u00e9clench\u00e9 une gr\u00e8ve de protestation ce mercredi 27 octobre \u00e0 kagbelen, dans la pr\u00e9fecture de Dubr\u00e9ka. Ces travailleurs\u00a0 demandent\u00a0 une am\u00e9lioration de leur condition\u00a0 de travail.<\/div>\n<div dir=\"auto\"><\/div>\n<div dir=\"auto\">Dans une atmosph\u00e8re tr\u00e8s crisp\u00e9e\u00a0 avec des\u00a0 slogans\u00a0 \u2039\u2039 \u00e0 bas la sous traitance, \u00e0 bas Global Prestim\u203a\u203a que le porte-parole de ces travailleurs a rendu public le contenu de son discours au nom des travailleurs de l&rsquo;entreprise Ciment de l&rsquo;Afrique.<\/div>\n<div dir=\"auto\">\u2039\u2039Depuis la cr\u00e9ation de cette usine en 2013, nous \u00e9voluons au sein l&rsquo;entreprise GP mais jusque l\u00e0 rien n&rsquo;a\u00a0 chang\u00e9\u00a0 dans le cadre de l&rsquo;am\u00e9lioration de nos conditions de travail. C&rsquo;est raison pour laquelle nous, travailleurs de GP revendiquent les \u00e9l\u00e9ments suivants:<\/div>\n<div dir=\"auto\">1-un salaire de base de 3 millions cinq cent mille<\/div>\n<div dir=\"auto\">2-un contrat de travail \u00e0 dur\u00e9e ind\u00e9termin\u00e9e<\/div>\n<div dir=\"auto\">3- la prise en charge sanitaire de certaines maladies<\/div>\n<div dir=\"auto\">4-acc\u00e8s \u00e0 la cantine<\/div>\n<div dir=\"auto\">5- acc\u00e8s aux bus transportant les travailleurs.<\/div>\n<div dir=\"auto\">6- la mise en place des\u00a0 douches\u00a0 et latrines<\/div>\n<div dir=\"auto\">\u00a0\u00c0 d\u00e9faut de ces points de revendications nous poursuivrons cette gr\u00e8ve jusqu&rsquo;\u00e0 notre satisfaction &gt;&gt;, a affirm\u00e9 Ives Fassa Tolno.<\/div>\n<div dir=\"auto\"><\/div>\n<div dir=\"auto\">Apr\u00e8s plusieurs\u00a0 heures de n\u00e9gociation avec le directeur g\u00e9n\u00e9ral de Cimaf et le responsable l&rsquo;entreprise,des engagements ont \u00e9t\u00e9 pris des responsables de l&rsquo;usine\u00a0 notamment\u00a0 L&rsquo;acc\u00e8s \u00e0 la cantine et au bus,la prise en charge de certaines maladies et des cas d&rsquo;accident de travail, la construction d&rsquo;un b\u00e2timent servant de la douche et du vestiaire.<\/div>\n<div dir=\"auto\">Le salaire de base est augment\u00e9 \u00e0 2 millions de francs guin\u00e9ens.Ces mesures\u00a0 \u00a0rentreront\u00a0 en ex\u00e9cution\u00a0 \u00e0 partir du moi de janvier prochain.<\/div>\n<div dir=\"auto\"><\/div>\n<div dir=\"auto\">\u00a0\u00c0 noter\u00a0 que le protocole d&rsquo;accord entre les travailleurs et des responsables de l&rsquo;usine interdit tout licenciement apr\u00e8s cette revendication.<\/div>\n<div dir=\"auto\"><\/div>\n<div dir=\"auto\">\u00a0Oumar Konat\u00e9 pour www.conakrynews.org : 621077446<\/div>\n<\/div>\n<\/div>\n<\/div>\n<div class=\"mail-message-footer spacer collapsible\"><\/div>\n<\/div>\n","protected":false},"excerpt":{"rendered":"<p>Les travailleurs de l&rsquo;usine Ciment de l&rsquo;Afrique ont d\u00e9clench\u00e9 une gr\u00e8ve de protestation ce mercredi 27 octobre \u00e0 kagbelen, dans la pr\u00e9fecture de Dubr\u00e9ka. Ces travailleurs\u00a0 demandent\u00a0 une am\u00e9lioration de leur condition\u00a0 de travail. Dans une atmosph\u00e8re tr\u00e8s crisp\u00e9e\u00a0 avec des\u00a0 slogans\u00a0 \u2039\u2039 \u00e0 bas la sous traitance, \u00e0 bas Global Prestim\u203a\u203a que le porte-parole [&hellip;]<\/p>\n","protected":false},"author":2,"featured_media":10694,"comment_status":"closed","ping_status":"closed","sticky":false,"template":"","format":"standard","meta":{"footnotes":""},"categories":[58],"tags":[],"class_list":{"0":"post-10692","1":"post","2":"type-post","3":"status-publish","4":"format-standard","5":"has-post-thumbnail","7":"category-societe"},"_links":{"self":[{"href":"https:\/\/conakrynews.org\/index.php\/wp-json\/wp\/v2\/posts\/10692","targetHints":{"allow":["GET"]}}],"collection":[{"href":"https:\/\/conakrynews.org\/index.php\/wp-json\/wp\/v2\/posts"}],"about":[{"href":"https:\/\/conakrynews.org\/index.php\/wp-json\/wp\/v2\/types\/post"}],"author":[{"embeddable":true,"href":"https:\/\/conakrynews.org\/index.php\/wp-json\/wp\/v2\/users\/2"}],"replies":[{"embeddable":true,"href":"https:\/\/conakrynews.org\/index.php\/wp-json\/wp\/v2\/comments?post=10692"}],"version-history":[{"count":0,"href":"https:\/\/conakrynews.org\/index.php\/wp-json\/wp\/v2\/posts\/10692\/revisions"}],"wp:featuredmedia":[{"embeddable":true,"href":"https:\/\/conakrynews.org\/index.php\/wp-json\/wp\/v2\/media\/10694"}],"wp:attachment":[{"href":"https:\/\/conakrynews.org\/index.php\/wp-json\/wp\/v2\/media?parent=10692"}],"wp:term":[{"taxonomy":"category","embeddable":true,"href":"https:\/\/conakrynews.org\/index.php\/wp-json\/wp\/v2\/categories?post=10692"},{"taxonomy":"post_tag","embeddable":true,"href":"https:\/\/conakrynews.org\/index.php\/wp-json\/wp\/v2\/tags?post=10692"}],"curies":[{"name":"wp","href":"https:\/\/api.w.org\/{rel}","templated":true}]}}