{"id":10716,"date":"2021-10-31T14:35:53","date_gmt":"2021-10-31T14:35:53","guid":{"rendered":"https:\/\/conakrynews.org\/?p=10716"},"modified":"2021-10-31T14:35:53","modified_gmt":"2021-10-31T14:35:53","slug":"guinee-la-toiture-du-batiment-principal-du-ministere-de-linformation-et-de-la-communication-emportee-par-un-vent-violent","status":"publish","type":"post","link":"https:\/\/conakrynews.org\/index.php\/guinee-la-toiture-du-batiment-principal-du-ministere-de-linformation-et-de-la-communication-emportee-par-un-vent-violent\/","title":{"rendered":"Guin\u00e9e : La toiture du b\u00e2timent principal du minist\u00e8re de l\u2019information et de la communication emport\u00e9e par un vent violent"},"content":{"rendered":"<h1 class=\"name post-title entry-title\"><\/h1>\n<p class=\"post-meta\">\n<div class=\"clear\"><\/div>\n<div class=\"entry\">\n<p>\ud835\udc02\ud835\udc28\ud835\udc27\ud835\udc1a\ud835\udc24\ud835\udc2b\ud835\udc32, \ud835\udc25\ud835\udc1e 30 \ud835\udc0e\ud835\udc1c\ud835\udc2d\ud835\udc28\ud835\udc1b\ud835\udc2b\ud835\udc1e \ud835\udfd0\ud835\udfce\ud835\udfd0\ud835\udfcf: Dans la nuit de vendredi \u00e0 samedi, un vent violent s\u2019est abattu sur une bonne partie de la capitale guin\u00e9enne. Cette temp\u00eate n\u2019a pas laiss\u00e9 en marge la toiture du b\u00e2timent principal qui abrite les locaux du Minist\u00e8re de l\u2019Information et de la Communication.<\/p>\n<p>Face \u00e0 cette situation, une importante d\u00e9l\u00e9gation du Gouvernement conduite par le Premier Ministre, Mohamed Beavogui en compagnie du Ministre Secr\u00e9taire G\u00e9n\u00e9ral de la Pr\u00e9sidence, Colonel Amara Camara s\u2019est rendue au c\u00f4t\u00e9 de la Ministre, Mme Rose Pola Pric\u00e9mou pour constater les d\u00e9g\u00e2ts.<\/p>\n<p>Les responsables pr\u00e9sents sur place ont rassur\u00e9 les cadres du d\u00e9partement de r\u00e9tablir rapidement le cadre de travail pour le personnel.<\/p>\n<p>Pour rappel, les locaux du Minist\u00e8re ont fait l\u2019objet d\u2019acte de vandalisme par les inconnus dans la soir\u00e9e du 05 septembre 2021.<\/p>\n<p>\ud835\udd4a\ud835\udd56\ud835\udd63\ud835\udd67\ud835\udd5a\ud835\udd54\ud835\udd56 \u2102\ud835\udd60\ud835\udd5e\ud835\udd5e\ud835\udd66\ud835\udd5f\ud835\udd5a\ud835\udd54\ud835\udd52\ud835\udd65\ud835\udd5a\ud835\udd60\ud835\udd5f \ud835\udd56\ud835\udd65 \u211d\ud835\udd56\ud835\udd5d\ud835\udd52\ud835\udd65\ud835\udd5a\ud835\udd60\ud835\udd5f\ud835\udd64 \u2119\ud835\udd66\ud835\udd53\ud835\udd5d\ud835\udd5a\ud835\udd62\ud835\udd66\ud835\udd56\ud835\udd64<\/p>\n<p>&nbsp;<\/p>\n<\/div>\n","protected":false},"excerpt":{"rendered":"<p>\ud835\udc02\ud835\udc28\ud835\udc27\ud835\udc1a\ud835\udc24\ud835\udc2b\ud835\udc32, \ud835\udc25\ud835\udc1e 30 \ud835\udc0e\ud835\udc1c\ud835\udc2d\ud835\udc28\ud835\udc1b\ud835\udc2b\ud835\udc1e \ud835\udfd0\ud835\udfce\ud835\udfd0\ud835\udfcf: Dans la nuit de vendredi \u00e0 samedi, un vent violent s\u2019est abattu sur une bonne partie de la capitale guin\u00e9enne. Cette temp\u00eate n\u2019a pas laiss\u00e9 en marge la toiture du b\u00e2timent principal qui abrite les locaux du Minist\u00e8re de l\u2019Information et de la Communication. Face \u00e0 cette situation, une importante [&hellip;]<\/p>\n","protected":false},"author":2,"featured_media":10717,"comment_status":"closed","ping_status":"closed","sticky":false,"template":"","format":"standard","meta":{"footnotes":""},"categories":[58],"tags":[],"class_list":{"0":"post-10716","1":"post","2":"type-post","3":"status-publish","4":"format-standard","5":"has-post-thumbnail","7":"category-societe"},"_links":{"self":[{"href":"https:\/\/conakrynews.org\/index.php\/wp-json\/wp\/v2\/posts\/10716","targetHints":{"allow":["GET"]}}],"collection":[{"href":"https:\/\/conakrynews.org\/index.php\/wp-json\/wp\/v2\/posts"}],"about":[{"href":"https:\/\/conakrynews.org\/index.php\/wp-json\/wp\/v2\/types\/post"}],"author":[{"embeddable":true,"href":"https:\/\/conakrynews.org\/index.php\/wp-json\/wp\/v2\/users\/2"}],"replies":[{"embeddable":true,"href":"https:\/\/conakrynews.org\/index.php\/wp-json\/wp\/v2\/comments?post=10716"}],"version-history":[{"count":0,"href":"https:\/\/conakrynews.org\/index.php\/wp-json\/wp\/v2\/posts\/10716\/revisions"}],"wp:featuredmedia":[{"embeddable":true,"href":"https:\/\/conakrynews.org\/index.php\/wp-json\/wp\/v2\/media\/10717"}],"wp:attachment":[{"href":"https:\/\/conakrynews.org\/index.php\/wp-json\/wp\/v2\/media?parent=10716"}],"wp:term":[{"taxonomy":"category","embeddable":true,"href":"https:\/\/conakrynews.org\/index.php\/wp-json\/wp\/v2\/categories?post=10716"},{"taxonomy":"post_tag","embeddable":true,"href":"https:\/\/conakrynews.org\/index.php\/wp-json\/wp\/v2\/tags?post=10716"}],"curies":[{"name":"wp","href":"https:\/\/api.w.org\/{rel}","templated":true}]}}