{"id":10719,"date":"2021-10-31T14:40:08","date_gmt":"2021-10-31T14:40:08","guid":{"rendered":"https:\/\/conakrynews.org\/?p=10719"},"modified":"2021-10-31T14:40:08","modified_gmt":"2021-10-31T14:40:08","slug":"accord-pour-une-taxe-globale-sur-les-multinationales-au-g20-des-etats-a-bas-revenus-ne-signent-pas","status":"publish","type":"post","link":"https:\/\/conakrynews.org\/index.php\/accord-pour-une-taxe-globale-sur-les-multinationales-au-g20-des-etats-a-bas-revenus-ne-signent-pas\/","title":{"rendered":"Accord pour une taxe globale sur les multinationales au G20: des Etats \u00e0 bas revenus ne signent pas"},"content":{"rendered":"<h1 class=\"name post-title entry-title\"><\/h1>\n<p class=\"post-meta\">\n<div class=\"clear\"><\/div>\n<div class=\"entry\">\n<p>La taxe globale sur les multinationales a \u00e9t\u00e9 ent\u00e9rin\u00e9e au sommet du G20 qui s\u2019ach\u00e8ve\u00a0ce dimanche \u00e0 Rome. A partir de 2023, les plus grosses compagnies seront impos\u00e9es \u00e0 hauteur de 15\u00a0% dans tous les pays signataires. L\u2019objectif est de lutter contre les paradis fiscaux. Les pays riches se r\u00e9jouissent de cet accord mais dans les pays \u00e0 bas revenus, certains \u00c9tats ont refus\u00e9 de le signer.<\/p>\n<p>Le Nigeria et le Kenya ont refus\u00e9 d\u2019ent\u00e9riner cette taxe globale n\u00e9goci\u00e9e dans le cadre de l\u2019OCDE, tout comme le Sri Lanka et le Pakistan.<\/p>\n<p>Pour m\u00e9moire, 136\u00a0pays de l\u2019OCDE (soit 90% du PIB mondial),\u00a0<strong><a href=\"https:\/\/www.rfi.fr\/fr\/en-bref\/20211008-taxation-des-multinationales-l-ocde-annonce-l-accord-de-136-pays-pour-un-taux-fix%C3%A9-%C3%A0-15\" target=\"_self\" rel=\"noopener noreferrer\">r\u00e9unis \u00e0 Budapest d\u00e9but octobre<\/a><\/strong>, avaient vot\u00e9 en faveur de cette r\u00e9forme majeure du syst\u00e8me fiscal international qui permettra l\u2019application d\u2019un taux d\u2019imposition minimum de 15% aux entreprises multinationales \u00e0 compter de 2023.<\/p>\n<p>Dans le monde, le taux moyen d\u2019imposition sur les entreprises est de 22 %. En Afrique subsaharienne, c\u2019est plus encore: 25,5\u00a0% en moyenne. Accepter un taux inf\u00e9rieur, c\u2019est prendre le risque de perdre des recettes fiscales plut\u00f4t que d\u2019avoir l\u2019espoir d\u2019en r\u00e9colter de nouvelles.<\/p>\n<p>Pour Ricardo Moro, le sherpa repr\u00e9sentant les ONG au sein du G20, le dispositif ne prend pas assez en compte les int\u00e9r\u00eats des pays du Sud et a \u00e9t\u00e9 adouci sous la pression des paradis fiscaux europ\u00e9ens, l\u2019Irlande, l\u2019Estonie et la Hongrie: \u00ab\u00a0<em>Les pays que nous appelons paradis fiscaux utilisent normalement un pourcentage de 12 %. Donc, passer \u00e0 15 %, c\u2019est presque rien pour les paradis fiscaux qui le font d\u00e9j\u00e0. Si on veut \u00eatre pol\u00e9mique, on pourrait dire que l\u2019on a transform\u00e9 tout le monde en paradis fiscaux.<\/em>\u00a0\u00bb<\/p>\n<p>L\u2019autre objection, c\u2019est le p\u00e9rim\u00e8tre de la taxe. Cette derni\u00e8re sera calcul\u00e9e en fonction du chiffre d\u2019affaires r\u00e9alis\u00e9 dans un pays, c\u2019est pourquoi elle profitera d\u2019abord aux pays les plus riches, les pays o\u00f9 l\u2019on consomme le plus.<\/p>\n<p>Selon la Commission ind\u00e9pendante pour la r\u00e9forme de l\u2019imp\u00f4t international (ICRICT), un groupe de r\u00e9flexion dont font partie des \u00e9conomistes de renom comme Joseph Stiglitz ou Thomas Piketty ou encore Eva Joly, le texte est un \u00ab\u00a0<em>accord au rabais\u00a0<\/em>\u00bb\u00a0dont \u00ab\u00a0<em>la part du lion va aux pays riches\u00a0<\/em>\u00bb. L\u2019organisme avait publi\u00e9 dans le quotidien<em><a href=\"https:\/\/www.lemonde.fr\/idees\/article\/2021\/10\/12\/fiscalite-des-multinationales-l-accord-obtenu-est-un-accord-au-rabais-qui-profitera-essentiellement-aux-pays-riches_6097997_3232.html\" target=\"_blank\" rel=\"noopener noreferrer\"><strong>Le Monde<\/strong><\/a><\/em>, \u00e0 la mi-octobre\u00a0une tribune appelant \u00e0 ren\u00e9gocier l\u2019accord de Budapest pour le rendre plus favorable aux pays du Sud.<\/p>\n<p>&nbsp;<\/p>\n<p>Avec RFI<\/p>\n<\/div>\n","protected":false},"excerpt":{"rendered":"<p>La taxe globale sur les multinationales a \u00e9t\u00e9 ent\u00e9rin\u00e9e au sommet du G20 qui s\u2019ach\u00e8ve\u00a0ce dimanche \u00e0 Rome. A partir de 2023, les plus grosses compagnies seront impos\u00e9es \u00e0 hauteur de 15\u00a0% dans tous les pays signataires. L\u2019objectif est de lutter contre les paradis fiscaux. Les pays riches se r\u00e9jouissent de cet accord mais dans [&hellip;]<\/p>\n","protected":false},"author":2,"featured_media":10720,"comment_status":"closed","ping_status":"closed","sticky":false,"template":"","format":"standard","meta":{"footnotes":""},"categories":[58],"tags":[],"class_list":{"0":"post-10719","1":"post","2":"type-post","3":"status-publish","4":"format-standard","5":"has-post-thumbnail","7":"category-societe"},"_links":{"self":[{"href":"https:\/\/conakrynews.org\/index.php\/wp-json\/wp\/v2\/posts\/10719","targetHints":{"allow":["GET"]}}],"collection":[{"href":"https:\/\/conakrynews.org\/index.php\/wp-json\/wp\/v2\/posts"}],"about":[{"href":"https:\/\/conakrynews.org\/index.php\/wp-json\/wp\/v2\/types\/post"}],"author":[{"embeddable":true,"href":"https:\/\/conakrynews.org\/index.php\/wp-json\/wp\/v2\/users\/2"}],"replies":[{"embeddable":true,"href":"https:\/\/conakrynews.org\/index.php\/wp-json\/wp\/v2\/comments?post=10719"}],"version-history":[{"count":0,"href":"https:\/\/conakrynews.org\/index.php\/wp-json\/wp\/v2\/posts\/10719\/revisions"}],"wp:featuredmedia":[{"embeddable":true,"href":"https:\/\/conakrynews.org\/index.php\/wp-json\/wp\/v2\/media\/10720"}],"wp:attachment":[{"href":"https:\/\/conakrynews.org\/index.php\/wp-json\/wp\/v2\/media?parent=10719"}],"wp:term":[{"taxonomy":"category","embeddable":true,"href":"https:\/\/conakrynews.org\/index.php\/wp-json\/wp\/v2\/categories?post=10719"},{"taxonomy":"post_tag","embeddable":true,"href":"https:\/\/conakrynews.org\/index.php\/wp-json\/wp\/v2\/tags?post=10719"}],"curies":[{"name":"wp","href":"https:\/\/api.w.org\/{rel}","templated":true}]}}