{"id":10783,"date":"2021-11-05T09:18:22","date_gmt":"2021-11-05T09:18:22","guid":{"rendered":"https:\/\/conakrynews.org\/?p=10783"},"modified":"2021-11-05T09:18:22","modified_gmt":"2021-11-05T09:18:22","slug":"la-cedeao-elabore-une-strategie-regionale-climat","status":"publish","type":"post","link":"https:\/\/conakrynews.org\/index.php\/la-cedeao-elabore-une-strategie-regionale-climat\/","title":{"rendered":"La CEDEAO \u00e9labore une \u00ab strat\u00e9gie r\u00e9gionale climat \u00bb"},"content":{"rendered":"<blockquote>\n<h1 class=\"name post-title entry-title\"><\/h1>\n<\/blockquote>\n<p class=\"post-meta\">\n<div class=\"clear\"><\/div>\n<div class=\"entry\">\n<p class=\"teaser\">Une action climatique r\u00e9gionale coordonn\u00e9e \u00ab a plus d\u2019impact que la seule addition des politiques nationales \u00bb.<\/p>\n<div class=\"content\">\n<section class=\"main\">La\u00a0<a href=\"https:\/\/www.ecowas.int\/?lang=fr\" target=\"_blank\" rel=\"noopener noreferrer\">Communaut\u00e9 \u00e9conomique des \u00c9tats de l\u2019Afrique de l\u2019Ouest<\/a>\u00a0(CEDEAO) a \u00e9labor\u00e9 une \u00ab strat\u00e9gie r\u00e9gionale climat \u00bb pour renforcer la coordination de l\u2019action climatique entre ses 15 \u00c9tats membres. \u00ab Parce qu\u2019une action r\u00e9gionale coordonn\u00e9e a plus d\u2019impact que la seule addition des politiques nationales, la CEDEAO a travaill\u00e9 pendant toute l\u2019ann\u00e9e 2021 \u00e0 l\u2019\u00e9laboration d\u2019une strat\u00e9gie r\u00e9gionale climat \u00bb, a annonc\u00e9 la Commission de la CEDEAO, le 2 novembre.&nbsp;<\/p>\n<p>Cette strat\u00e9gie \u00ab est \u00e9labor\u00e9e selon un processus participatif \u00bb et \u00ab s\u2019appuie sur la consultation r\u00e9guli\u00e8re \u00bb des \u00c9tats membres, des autres institutions r\u00e9gionales telles que le Comit\u00e9 inter-\u00c9tat de lutte contre la s\u00e9cheresse au Sahel \u00bb (CILSS) ou l\u2019Union \u00e9conomique et mon\u00e9taire ouest-africaine (UEMOA), et des acteurs de la soci\u00e9t\u00e9 civile et du secteur priv\u00e9, a-t-on indiqu\u00e9 de m\u00eame source.<\/p>\n<p>S\u2019appuyant sur les politiques existantes, cette strat\u00e9gie d\u00e9clinera \u2013 qu\u2019il s\u2019agisse d\u2019adaptation aux impacts des changements climatiques ou d\u2019att\u00e9nuation des \u00e9missions de gaz \u00e0 effet de serre \u2013 des objectifs \u00e0 horizon 2030 et 2050 et un plan d\u2019action dans les secteurs prioritaires de la r\u00e9gion en termes de d\u00e9veloppement, comme le secteur de l\u2019agriculture, l\u2019\u00e9nergie, la foresterie, l\u2019eau, ou encore les transports et infrastructures. Elle contribuera \u00e0 renforcer la r\u00e9silience de la r\u00e9gion face aux impacts des changements climatiques, notamment \u00e0 travers le soutien \u00e0 la mise en \u0153uvre des engagements pris par les \u00c9tats membres au titre de l\u2019Accord de Paris, a-t-on indiqu\u00e9.<\/p>\n<p>\u00ab Les changements climatiques impactent tr\u00e8s fortement la r\u00e9gion ouest-africaine. Agir sur le climat de mani\u00e8re coordonn\u00e9e et ambitieuse revient en premier lieu \u00e0 prot\u00e9ger les populations et am\u00e9liorer les conditions de vie dans la r\u00e9gion dans des conditions climatiques qui \u00e9voluent \u00bb, a soulign\u00e9 Jean Claude Kassi Brou, pr\u00e9sident de la Commission de la CEDEAO. \u00ab Cela constitue aussi une opportunit\u00e9 pour b\u00e2tir un d\u00e9veloppement bas-carbone et une \u00e9conomie innovante \u00bb, a-t-il dit.<\/p>\n<p>&nbsp;<\/p>\n<\/section>\n<\/div>\n<p><strong>Avec dpa-news<\/strong><\/p>\n<\/div>\n","protected":false},"excerpt":{"rendered":"<p>Une action climatique r\u00e9gionale coordonn\u00e9e \u00ab a plus d\u2019impact que la seule addition des politiques nationales \u00bb. La\u00a0Communaut\u00e9 \u00e9conomique des \u00c9tats de l\u2019Afrique de l\u2019Ouest\u00a0(CEDEAO) a \u00e9labor\u00e9 une \u00ab strat\u00e9gie r\u00e9gionale climat \u00bb pour renforcer la coordination de l\u2019action climatique entre ses 15 \u00c9tats membres. \u00ab Parce qu\u2019une action r\u00e9gionale coordonn\u00e9e a plus d\u2019impact que [&hellip;]<\/p>\n","protected":false},"author":2,"featured_media":10784,"comment_status":"closed","ping_status":"closed","sticky":false,"template":"","format":"standard","meta":{"footnotes":""},"categories":[58],"tags":[],"class_list":{"0":"post-10783","1":"post","2":"type-post","3":"status-publish","4":"format-standard","5":"has-post-thumbnail","7":"category-societe"},"_links":{"self":[{"href":"https:\/\/conakrynews.org\/index.php\/wp-json\/wp\/v2\/posts\/10783","targetHints":{"allow":["GET"]}}],"collection":[{"href":"https:\/\/conakrynews.org\/index.php\/wp-json\/wp\/v2\/posts"}],"about":[{"href":"https:\/\/conakrynews.org\/index.php\/wp-json\/wp\/v2\/types\/post"}],"author":[{"embeddable":true,"href":"https:\/\/conakrynews.org\/index.php\/wp-json\/wp\/v2\/users\/2"}],"replies":[{"embeddable":true,"href":"https:\/\/conakrynews.org\/index.php\/wp-json\/wp\/v2\/comments?post=10783"}],"version-history":[{"count":0,"href":"https:\/\/conakrynews.org\/index.php\/wp-json\/wp\/v2\/posts\/10783\/revisions"}],"wp:featuredmedia":[{"embeddable":true,"href":"https:\/\/conakrynews.org\/index.php\/wp-json\/wp\/v2\/media\/10784"}],"wp:attachment":[{"href":"https:\/\/conakrynews.org\/index.php\/wp-json\/wp\/v2\/media?parent=10783"}],"wp:term":[{"taxonomy":"category","embeddable":true,"href":"https:\/\/conakrynews.org\/index.php\/wp-json\/wp\/v2\/categories?post=10783"},{"taxonomy":"post_tag","embeddable":true,"href":"https:\/\/conakrynews.org\/index.php\/wp-json\/wp\/v2\/tags?post=10783"}],"curies":[{"name":"wp","href":"https:\/\/api.w.org\/{rel}","templated":true}]}}