{"id":10786,"date":"2021-11-05T14:18:27","date_gmt":"2021-11-05T14:18:27","guid":{"rendered":"https:\/\/conakrynews.org\/?p=10786"},"modified":"2021-11-05T14:18:27","modified_gmt":"2021-11-05T14:18:27","slug":"au-moins-69-morts-dans-une-attaque-armee-au-niger","status":"publish","type":"post","link":"https:\/\/conakrynews.org\/index.php\/au-moins-69-morts-dans-une-attaque-armee-au-niger\/","title":{"rendered":"Au moins 69 morts dans une attaque arm\u00e9e au Niger"},"content":{"rendered":"<h1 class=\"name post-title entry-title\"><\/h1>\n<p class=\"post-meta\">\n<div class=\"clear\"><\/div>\n<div class=\"entry\">\n<div class=\"bbc-19j92fr e57qer20\" dir=\"ltr\">\n<p class=\"bbc-ph03xj e1cc2ql70\" dir=\"ltr\"><b>Le Niger d\u00e9cr\u00e8te deux jours de deuil national \u00e0 partir de vendredi, apr\u00e8s qu\u2019au moins 69 personnes ont \u00e9t\u00e9 tu\u00e9es dans une attaque men\u00e9e par des insurg\u00e9s islamistes pr\u00e9sum\u00e9s.<\/b><\/p>\n<\/div>\n<div class=\"bbc-19j92fr e57qer20\" dir=\"ltr\">\n<p class=\"bbc-ph03xj e1cc2ql70\" dir=\"ltr\">L\u2019attaque a eu lieu dans le sud-ouest du pays, pr\u00e8s de la fronti\u00e8re avec le Mali.<\/p>\n<\/div>\n<div class=\"bbc-19j92fr e57qer20\" dir=\"ltr\">\n<p class=\"bbc-ph03xj e1cc2ql70\" dir=\"ltr\">Parmi les victimes figurent un maire local et le chef d\u2019une milice d\u2019autod\u00e9fense, indique le gouvernement.<\/p>\n<\/div>\n<div class=\"bbc-19j92fr e57qer20\" dir=\"ltr\">\n<p class=\"bbc-ph03xj e1cc2ql70\" dir=\"ltr\">Des recherches sont en cours pour retrouver des survivants.<\/p>\n<div class=\"bbc-19j92fr e57qer20\" dir=\"ltr\">\n<p class=\"bbc-ph03xj e1cc2ql70\" dir=\"ltr\">Aucun groupe n\u2019a revendiqu\u00e9 la responsabilit\u00e9 de l\u2019effusion de sang, qui a eu lieu mardi.<\/p>\n<\/div>\n<div class=\"bbc-19j92fr e57qer20\" dir=\"ltr\">\n<p class=\"bbc-ph03xj e1cc2ql70\" dir=\"ltr\">Les assaillants se sont enfuis en traversant la fronti\u00e8re malienne, emportant avec eux leurs propres morts.<\/p>\n<\/div>\n<div class=\"bbc-19j92fr e57qer20\" dir=\"ltr\">\n<p class=\"bbc-ph03xj e1cc2ql70\" dir=\"ltr\">Le minist\u00e8re de l\u2019Int\u00e9rieur du Niger rapporte qu\u2019une d\u00e9l\u00e9gation conduite par le maire de Banibangou \u00e9tait tomb\u00e9e dans une embuscade dans un village situ\u00e9 \u00e0 environ 55 km de l\u00e0, dans la r\u00e9gion occidentale de Tillaberi.<\/p>\n<\/div>\n<div class=\"bbc-19j92fr e57qer20\" dir=\"ltr\">\n<p class=\"bbc-ph03xj e1cc2ql70\" dir=\"ltr\">Dans une d\u00e9claration, il accuse des \u00ab\u00a0bandits arm\u00e9s non identifi\u00e9s\u00a0\u00bb.<\/p>\n<\/div>\n<div class=\"bbc-1ka88fa e57qer20\" dir=\"ltr\">\n<figure class=\"bbc-1qdcvv9 e6bmn90\">\n<div class=\"bbc-172p16q e57qer20\" dir=\"ltr\">\n<div class=\"bbc-189y18v e57qer20\" dir=\"ltr\">\n<div class=\"bbc-997y1y e1whu0\" data-e2e=\"image-placeholder\">\n<div class=\"lazyload-wrapper \"><img loading=\"lazy\" decoding=\"async\" class=\"eehpdyc0 bbc-100dhyn e1enwo3v0 tie-appear\" src=\"https:\/\/ichef.bbci.co.uk\/news\/640\/cpsprodpb\/8CB8\/production\/_121442063_4bb7ac64-5cd2-4020-94ce-4700194806cb.jpg\" alt=\"La r\u00e9gion est envahie par des militants associ\u00e9s \u00e0 une filiale locale du groupe \u00c9tat islamique.\" width=\"976\" height=\"549\" \/><\/div>\n<\/div>\n<\/div>\n<\/div>\n<\/figure>\n<\/div>\n<div class=\"bbc-19j92fr e57qer20\" dir=\"ltr\">\n<h2 id=\"Que-sestil-pass\u00e9\" class=\"bbc-1o7vlk5 e14hemmw0\">Que s\u2019est-il pass\u00e9?<\/h2>\n<\/div>\n<div class=\"bbc-19j92fr e57qer20\" dir=\"ltr\">\n<p class=\"bbc-ph03xj e1cc2ql70\" dir=\"ltr\">La correspondante de la BBC \u00e0 Niamey Mariama Soumana rapporte que selon des sources locales, environ 80 personnes issues de plusieurs villages regroup\u00e9s en comit\u00e9 de vigilance avec \u00e0 leur t\u00eate le maire de Balibangou se sont d\u00e9cid\u00e9es \u00e0 se rendre dans le village de Adabdab, situ\u00e9 \u00e0 une cinquantaine de kilom\u00e8tres de Balibangou pour traquer un pr\u00e9sum\u00e9 informateur des djihadistes.<\/p>\n<\/div>\n<div class=\"bbc-19j92fr e57qer20\" dir=\"ltr\">\n<p class=\"bbc-ph03xj e1cc2ql70\" dir=\"ltr\">\u00ab\u00a0A leur retour ces d\u00e9fenseurs \u00e0 moto tombent sur une embuscade tendue par des hommes arm\u00e9s \u00e0 bord de moto aussi. Les combats \u00e9taient violents, selon nos sources: bilan plus de soixante membres du comit\u00e9 de vigilance tu\u00e9s ainsi que le maire de Balibangou, d\u00e9clar\u00e9 dans un premier temps disparu. Plusieurs assaillants ont \u00e9galement \u00e9t\u00e9 tu\u00e9s\u00a0\u00bb, informe Mme Soumana.<\/p>\n<\/div>\n<div class=\"bbc-19j92fr e57qer20\" dir=\"ltr\">\n<p class=\"bbc-ph03xj e1cc2ql70\" dir=\"ltr\">Ces comit\u00e9s d\u2019autod\u00e9fense veulent \u00eatre une r\u00e9ponse aux multiples attaques visant les populations civiles et leurs b\u00e9tails.<\/p>\n<\/div>\n<div class=\"bbc-19j92fr e57qer20\" dir=\"ltr\">\n<h2 id=\"R\u00e9actions-locales\" class=\"bbc-1o7vlk5 e14hemmw0\">R\u00e9actions locales<\/h2>\n<\/div>\n<div class=\"bbc-19j92fr e57qer20\" dir=\"ltr\">\n<p class=\"bbc-ph03xj e1cc2ql70\" dir=\"ltr\">Harouna Amadou Maiga, pr\u00e9sident du comit\u00e9 Union Tillab\u00e9ri pour la paix et la s\u00e9curit\u00e9, consid\u00e8re qu\u2019aucun choix n\u2019a \u00e9t\u00e9 laiss\u00e9 \u00e0 ces civils.<\/p>\n<\/div>\n<div class=\"bbc-19j92fr e57qer20\" dir=\"ltr\">\n<p class=\"bbc-ph03xj e1cc2ql70\" dir=\"ltr\">\u00ab\u00a0Malgr\u00e9 la pr\u00e9sence des forces de d\u00e9fense et de s\u00e9curit\u00e9, la situation n\u2019a nullement chang\u00e9. Les jeunes se sont organis\u00e9s. Ils ont cherch\u00e9 leur mat\u00e9riel et ils ont commenc\u00e9 \u00e0 attaquer. Cela a donn\u00e9 des fruits mais lorsque l\u2019on s\u2019engage dans une telle aventure, il faut s\u2019attendre \u00e0 tout\u00a0\u00bb, dit-il \u00e0 BBC Afrique.<\/p>\n<\/div>\n<div class=\"bbc-19j92fr e57qer20\" dir=\"ltr\">\n<p class=\"bbc-ph03xj e1cc2ql70\" dir=\"ltr\">Et d\u2019ajouter: \u00ab\u00a0c\u2019est douloureux, c\u2019est une h\u00e9catombe mais cela ne va pas freiner l\u2019\u00e9lan de cette jeunesse\u00a0\u00bb<\/p>\n<\/div>\n<div class=\"bbc-19j92fr e57qer20\" dir=\"ltr\">\n<p class=\"bbc-ph03xj e1cc2ql70\" dir=\"ltr\">Sani Yahaya, expert des questions s\u00e9curitaires et enseignant-chercheur, abonde dans le m\u00eame sens.<\/p>\n<\/div>\n<div class=\"bbc-19j92fr e57qer20\" dir=\"ltr\">\n<p class=\"bbc-ph03xj e1cc2ql70\" dir=\"ltr\">\u00ab\u00a0L\u2019absence de l\u2019Etat dans certaines zones explique la militarisation des civils. L\u2019Etat a le devoir et l\u2019obligation de prot\u00e9ger tous les citoyens sur l\u2019ensemble du territoire. Que l\u2019Etat n\u2019ait pas \u00e9t\u00e9 pr\u00e9sent pour les s\u00e9curiser c\u2019est une d\u00e9faillance de ceux qui le repr\u00e9sentent et qui parlent en son nom\u00a0\u00bb, d\u00e9clare M. Yahaya.<\/p>\n<\/div>\n<div class=\"bbc-19j92fr e57qer20\" dir=\"ltr\">\n<p class=\"bbc-ph03xj e1cc2ql70\" dir=\"ltr\">La r\u00e9gion est envahie par des militants associ\u00e9s \u00e0 une filiale locale du groupe \u00c9tat islamique.<\/p>\n<\/div>\n<div class=\"bbc-19j92fr e57qer20\" dir=\"ltr\">\n<p class=\"bbc-ph03xj e1cc2ql70\" dir=\"ltr\">Le Niger est confront\u00e9 \u00e0 des insurrections djihadistes \u00e0 ses fronti\u00e8res avec le Mali, le Burkina Faso et le Nigeria.<\/p>\n<\/div>\n<div class=\"bbc-19j92fr e57qer20\" dir=\"ltr\">\n<p class=\"bbc-ph03xj e1cc2ql70\" dir=\"ltr\">Plus de 500 personnes ont \u00e9t\u00e9 tu\u00e9es dans des violences insurrectionnelles cette ann\u00e9e dans le sud-ouest du pays.<\/p>\n<\/div>\n<div class=\"bbc-19j92fr e57qer20\" dir=\"ltr\">\n<p class=\"bbc-ph03xj e1cc2ql70\" dir=\"ltr\">En mars, quelque 137 personnes ont \u00e9t\u00e9 tu\u00e9es lors de raids coordonn\u00e9s sur trois villages par des djihadistes pr\u00e9sum\u00e9s.<\/p>\n<p dir=\"ltr\">\n<\/div>\n<p dir=\"ltr\">Avec BBC<\/p>\n<\/div>\n<\/div>\n","protected":false},"excerpt":{"rendered":"<p>Le Niger d\u00e9cr\u00e8te deux jours de deuil national \u00e0 partir de vendredi, apr\u00e8s qu\u2019au moins 69 personnes ont \u00e9t\u00e9 tu\u00e9es dans une attaque men\u00e9e par des insurg\u00e9s islamistes pr\u00e9sum\u00e9s. L\u2019attaque a eu lieu dans le sud-ouest du pays, pr\u00e8s de la fronti\u00e8re avec le Mali. Parmi les victimes figurent un maire local et le chef [&hellip;]<\/p>\n","protected":false},"author":2,"featured_media":10787,"comment_status":"closed","ping_status":"closed","sticky":false,"template":"","format":"standard","meta":{"footnotes":""},"categories":[58],"tags":[],"class_list":{"0":"post-10786","1":"post","2":"type-post","3":"status-publish","4":"format-standard","5":"has-post-thumbnail","7":"category-societe"},"_links":{"self":[{"href":"https:\/\/conakrynews.org\/index.php\/wp-json\/wp\/v2\/posts\/10786","targetHints":{"allow":["GET"]}}],"collection":[{"href":"https:\/\/conakrynews.org\/index.php\/wp-json\/wp\/v2\/posts"}],"about":[{"href":"https:\/\/conakrynews.org\/index.php\/wp-json\/wp\/v2\/types\/post"}],"author":[{"embeddable":true,"href":"https:\/\/conakrynews.org\/index.php\/wp-json\/wp\/v2\/users\/2"}],"replies":[{"embeddable":true,"href":"https:\/\/conakrynews.org\/index.php\/wp-json\/wp\/v2\/comments?post=10786"}],"version-history":[{"count":0,"href":"https:\/\/conakrynews.org\/index.php\/wp-json\/wp\/v2\/posts\/10786\/revisions"}],"wp:featuredmedia":[{"embeddable":true,"href":"https:\/\/conakrynews.org\/index.php\/wp-json\/wp\/v2\/media\/10787"}],"wp:attachment":[{"href":"https:\/\/conakrynews.org\/index.php\/wp-json\/wp\/v2\/media?parent=10786"}],"wp:term":[{"taxonomy":"category","embeddable":true,"href":"https:\/\/conakrynews.org\/index.php\/wp-json\/wp\/v2\/categories?post=10786"},{"taxonomy":"post_tag","embeddable":true,"href":"https:\/\/conakrynews.org\/index.php\/wp-json\/wp\/v2\/tags?post=10786"}],"curies":[{"name":"wp","href":"https:\/\/api.w.org\/{rel}","templated":true}]}}