{"id":11204,"date":"2021-12-13T14:00:15","date_gmt":"2021-12-13T14:00:15","guid":{"rendered":"https:\/\/conakrynews.org\/?p=11204"},"modified":"2021-12-13T14:00:15","modified_gmt":"2021-12-13T14:00:15","slug":"guinee-un-jeune-tue-sa-mere-a-sitakoto-dans-la-sous-prefecture-de-oure-kaba","status":"publish","type":"post","link":"https:\/\/conakrynews.org\/index.php\/guinee-un-jeune-tue-sa-mere-a-sitakoto-dans-la-sous-prefecture-de-oure-kaba\/","title":{"rendered":"Guin\u00e9e: Un jeune tue sa m\u00e8re \u00e0 Sitakoto dans la sous-pr\u00e9fecture de Our\u00e9-Kaba"},"content":{"rendered":"<header>\n<h1><\/h1>\n<div dir=\"auto\">\n<p>L\u2019acte s\u2019est produit ce samedi 11 d\u00e9cembre 2021 aux environs de 11 heures \u00e0 Boubouya dans le district de sitakoto dans la sous-pr\u00e9fecture de Our\u00e9-Kaba, localit\u00e9 situ\u00e9e \u00e0 65 kilom\u00e8tres du chef-lieu de la pr\u00e9fecture de Mamou, faisant fronti\u00e8re avec la R\u00e9publique de la Sierra Leone.<\/p>\n<p>Joint au t\u00e9l\u00e9phone, le commandant Jean Balla Onivogui, commandant de la brigade frontali\u00e8re de Our\u00e9-Kaba en m\u00eame temps sous-pr\u00e9fet de la dite localit\u00e9 a confirm\u00e9 la nouvelle.<\/p>\n<p>\u00ab\u00a0J\u2019ai \u00e9t\u00e9 inform\u00e9 par la brigade du poste de gendarmerie de sitakoto. D\u2019aucuns disent que le jeune voulait faire l\u2019amour \u00e0 sa maman , celle-ci a fuit et son fils lui a pourchass\u00e9 jusqu\u2019\u00e0 ce qu\u2019il a donn\u00e9 un coup de machette sur la t\u00eate de sa maman qui a rendu l\u2019\u00e2me sur place. D\u2019autres disent, que c\u2019est \u00e0 cause des grains de riz qu\u2019il a bless\u00e9 sa maman avant de l\u2019\u00e9gorg\u00e9e. Aussit\u00f4t le jeune a \u00e9t\u00e9 mis aux arr\u00eats et il a \u00e9t\u00e9 conduit \u00e0 Mamou avec la machette et le b\u00e2ton qu\u2019il a utilis\u00e9 pour tuer sa m\u00e8re\u00bb, a expliqu\u00e9 Jean Balla Onivogui , commandant de la brigade frontali\u00e8re de Our\u00e9-Kaba.<\/p>\n<p>A noter que A\u00efssatou Sow, la victime etait m\u00e8re de sept (7) enfants dont cinq (5) filles, d\u2019o\u00f9 le jeune consern\u00e9 est du quatri\u00e8me rang.<\/p>\n<p>Bcmedia.org<\/p>\n<\/div>\n<\/header>\n","protected":false},"excerpt":{"rendered":"<p>L\u2019acte s\u2019est produit ce samedi 11 d\u00e9cembre 2021 aux environs de 11 heures \u00e0 Boubouya dans le district de sitakoto dans la sous-pr\u00e9fecture de Our\u00e9-Kaba, localit\u00e9 situ\u00e9e \u00e0 65 kilom\u00e8tres du chef-lieu de la pr\u00e9fecture de Mamou, faisant fronti\u00e8re avec la R\u00e9publique de la Sierra Leone. Joint au t\u00e9l\u00e9phone, le commandant Jean Balla Onivogui, commandant [&hellip;]<\/p>\n","protected":false},"author":2,"featured_media":0,"comment_status":"closed","ping_status":"closed","sticky":false,"template":"","format":"standard","meta":{"footnotes":""},"categories":[58],"tags":[],"class_list":{"0":"post-11204","1":"post","2":"type-post","3":"status-publish","4":"format-standard","6":"category-societe"},"_links":{"self":[{"href":"https:\/\/conakrynews.org\/index.php\/wp-json\/wp\/v2\/posts\/11204","targetHints":{"allow":["GET"]}}],"collection":[{"href":"https:\/\/conakrynews.org\/index.php\/wp-json\/wp\/v2\/posts"}],"about":[{"href":"https:\/\/conakrynews.org\/index.php\/wp-json\/wp\/v2\/types\/post"}],"author":[{"embeddable":true,"href":"https:\/\/conakrynews.org\/index.php\/wp-json\/wp\/v2\/users\/2"}],"replies":[{"embeddable":true,"href":"https:\/\/conakrynews.org\/index.php\/wp-json\/wp\/v2\/comments?post=11204"}],"version-history":[{"count":0,"href":"https:\/\/conakrynews.org\/index.php\/wp-json\/wp\/v2\/posts\/11204\/revisions"}],"wp:attachment":[{"href":"https:\/\/conakrynews.org\/index.php\/wp-json\/wp\/v2\/media?parent=11204"}],"wp:term":[{"taxonomy":"category","embeddable":true,"href":"https:\/\/conakrynews.org\/index.php\/wp-json\/wp\/v2\/categories?post=11204"},{"taxonomy":"post_tag","embeddable":true,"href":"https:\/\/conakrynews.org\/index.php\/wp-json\/wp\/v2\/tags?post=11204"}],"curies":[{"name":"wp","href":"https:\/\/api.w.org\/{rel}","templated":true}]}}