{"id":11252,"date":"2021-12-20T17:09:17","date_gmt":"2021-12-20T17:09:17","guid":{"rendered":"https:\/\/conakrynews.org\/?p=11252"},"modified":"2021-12-20T17:09:17","modified_gmt":"2021-12-20T17:09:17","slug":"report-ou-annulation-de-la-can-2022-la-fifa-met-la-pression-a-la-caf","status":"publish","type":"post","link":"https:\/\/conakrynews.org\/index.php\/report-ou-annulation-de-la-can-2022-la-fifa-met-la-pression-a-la-caf\/","title":{"rendered":"Report ou annulation de la CAN-2022 : la Fifa met la pression \u00e0 la CAF"},"content":{"rendered":"<h1 class=\"name post-title entry-title\"><\/h1>\n<div class=\"entry\">\n<p>La CAN au Cameroun est-elle maudite ? La question commence \u00e0 se poser alors que les rumeurs se font \u00e0 nouveau insistantes sur un \u00e9ni\u00e8me report. Programm\u00e9e du 9 janvier au 6 f\u00e9vrier 2022,\u00a0l\u2019organisation du\u00a0tournoi continental par la CAF\u00a0est mise sous pression par la\u00a0Fifa.<\/p>\n<p>Le feuilleton de la CAN continue. R\u00e9uni \u00e0 Doha dimanche 19 d\u00e9cembre, le comit\u00e9 ex\u00e9cutif de la Conf\u00e9d\u00e9ration africaine de football (CAF) s\u2019est vu demand\u00e9 par le pr\u00e9sident de la Fifa, Gianni Infantino, de reporter sa comp\u00e9tition reine, la CAN, qui doit d\u00e9buter le 9 janvier prochain au Cameroun. Pr\u00e9sent \u00e0 Doha \u00e0 l\u2019occasion de la Coupe arabe, qui a vu samedi la victoire de l\u2019Alg\u00e9rie face \u00e0 la Tunisie, Gianni Intantino, le pr\u00e9sident de la Fifa, a fait savoir qu\u2019il \u00e9tait favorable \u00e0 un report de l\u2019\u00e9v\u00e8nement.<\/p>\n<p>Le patron du football mondial a avanc\u00e9 plusieurs arguments\u00a0: l\u2019incertitude concernant les infrastructures camerounaises, la d\u00e9gradation de la situation sanitaire, l\u2019\u00e9mergence du variant Omnicron en Afrique australe ainsi que la r\u00e9ticence des clubs europ\u00e9ens \u00e0 lib\u00e9rer leurs joueurs en hiver. Des clubs, notamment anglais, s\u2019\u00e9taient m\u00eame fendus d\u00e9but d\u00e9cembre d\u2019une lettre mena\u00e7ant de ne pas envoyer leurs joueurs au Cameroun en raison des r\u00e8gles de quarantaine \u00e0 leur retour.<\/p>\n<p>Gianni Infantino\u00a0se pr\u00e9occupe \u00e9galement d\u2019un possible t\u00e9lescopage avec la Coupe du Monde des Clubs, la comp\u00e9tition organis\u00e9e par la Fifa, qui doit avoir lieu du 3 au 12 f\u00e9vrier aux \u00c9mirats arabes unis. La Fifa se fait l\u2019\u00e9cho des inqui\u00e9tudes du champion d\u2019Europe Chelsea et du champion d\u2019Afrique Al-Ahly, qui craignent que certains joueurs, retenus par la CAN, ne soient pas disponibles pour la disputer.<\/p>\n<p>Concernant l\u2019organisation de la CAN elle-m\u00eame, le comit\u00e9 ex\u00e9cutif de la CAF, r\u00e9uni \u00e0 Doha, a suivi les rapports sur l\u2019avancement des derniers travaux et la situation sanitaire dans le pays h\u00f4te. En cl\u00f4ture, les membres ont vot\u00e9 contre le report de la comp\u00e9tition.<\/p>\n<p>Trois membres auraient vot\u00e9 pour le report selon le site alg\u00e9rien comp\u00e9tition.dz\u00a0: le Marocain Fouzi\u00a0Lekjaa, l\u2019\u00c9gyptien Hani\u00a0Abu Rida et le Burkinab\u00e8 Sita. Le nouveau pr\u00e9sident de la f\u00e9d\u00e9ration du Cameroun, Samuel Eto\u2019o a quant \u00e0 lui refus\u00e9 cat\u00e9goriquement l\u2019id\u00e9e.<\/p>\n<p>Et maintenant ?<\/p>\n<p>L\u2019id\u00e9e d\u2019un report semble\u00a0abandonn\u00e9e pour le moment. Cependant, Gianni Infantino pourrait revenir \u00e0 la charge lundi \u00e0 l\u2019occasion de son \u00ab\u00a0sommet sur l\u2019avenir du football\u00a0\u00bb. La Fifa y r\u00e9unit en ligne ses 211 f\u00e9d\u00e9rations pour \u00e9voquer la r\u00e9forme du calendrier international.<\/p>\n<p>Dans cette nouvelle architecture du football mondial, Gianni Infantino aimerait que le calendrier s\u2019inverse avec une Coupe du monde tous les deux ans et une CAN tous les quatre ans. Le souhait de reporter l\u2019\u00e9dition \u00e0 venir pourrait s\u2019inscrire dans ce contexte\u00a0: on passerait d\u2019une 32 \u00e9dition jou\u00e9e en 2019 en \u00c9gypte \u00e0 une 33 en 2023.<\/p>\n<p>Du c\u00f4t\u00e9 de la CAF, la visite du pr\u00e9sident Patrick Motsepe au Cameroun pourrait rebattre les cartes. Arriv\u00e9 lundi matin, il a \u00e9t\u00e9 accueilli par Samuel Eto\u2019o et s\u2019est voulu rassurant pour sa premi\u00e8re d\u00e9claration\u00a0:\u00a0\u00ab\u00a0Notre maison est une maison pour l\u2019Afrique. Nous allons parler aujourd\u2019hui et on vous fera un retour. Nous sommes tr\u00e8s clairs en termes d\u2019engagement de faire de la CAN au Cameroun un succ\u00e8s\u00a0\u00bb, a soulign\u00e9 le dirigeant du football africain.<\/p>\n<p dir=\"ltr\" lang=\"fr\">Le Pr\u00e9sident de la\u00a0<a href=\"https:\/\/twitter.com\/CAF_Online?ref_src=twsrc%5Etfw\">@CAF_Online<\/a>\u00a0Patrice\u00a0<a href=\"https:\/\/twitter.com\/hashtag\/Motsepe?src=hash&amp;ref_src=twsrc%5Etfw\">#Motsepe<\/a>\u00a0vient d\u2019arriver au Cameroun\u00a0<img decoding=\"async\" class=\"emoji tie-appear\" role=\"img\" src=\"https:\/\/s.w.org\/images\/core\/emoji\/12.0.0-1\/svg\/1f1e8-1f1f2.svg\" alt=\"\ud83c\udde8\ud83c\uddf2\" \/>\u00a0pour une r\u00e9union, ceci intervient alors que la pression s\u2019intensifie pour l\u2019annulation de la\u00a0<a href=\"https:\/\/twitter.com\/hashtag\/TotalEnergiesAFCON2021?src=hash&amp;ref_src=twsrc%5Etfw\">#TotalEnergiesAFCON2021<\/a>. Les autorit\u00e9s camerounaise doivent convaincre.\u00a0<a href=\"https:\/\/twitter.com\/africanews?ref_src=twsrc%5Etfw\">@africanews<\/a>\u00a0<a href=\"https:\/\/twitter.com\/africanewsfr?ref_src=twsrc%5Etfw\">@africanewsfr<\/a>\u00a0<a href=\"https:\/\/t.co\/dAaowxhMc9\">pic.twitter.com\/dAaowxhMc9<\/a><\/p>\n<p>\u2014 KOUAM JOEL HONORE (@honore123)\u00a0<a href=\"https:\/\/twitter.com\/honore123\/status\/1472853347703087114?ref_src=twsrc%5Etfw\">December 20, 2021<\/a><\/p>\n<p>R\u00e9confortant, certes, mais les 20 derniers jours avant le coup d\u2019envoi de la CAN \u00e0 Yaound\u00e9 risquent d\u2019\u00eatre long pour les fans de football africain.<\/p>\n<p>&nbsp;<\/p>\n<p><strong>Avec France24<\/strong><\/p>\n<p>&nbsp;<\/p>\n<\/div>\n","protected":false},"excerpt":{"rendered":"<p>La CAN au Cameroun est-elle maudite ? La question commence \u00e0 se poser alors que les rumeurs se font \u00e0 nouveau insistantes sur un \u00e9ni\u00e8me report. Programm\u00e9e du 9 janvier au 6 f\u00e9vrier 2022,\u00a0l\u2019organisation du\u00a0tournoi continental par la CAF\u00a0est mise sous pression par la\u00a0Fifa. Le feuilleton de la CAN continue. R\u00e9uni \u00e0 Doha dimanche 19 [&hellip;]<\/p>\n","protected":false},"author":2,"featured_media":11253,"comment_status":"closed","ping_status":"closed","sticky":false,"template":"","format":"standard","meta":{"footnotes":""},"categories":[64],"tags":[],"class_list":{"0":"post-11252","1":"post","2":"type-post","3":"status-publish","4":"format-standard","5":"has-post-thumbnail","7":"category-sport"},"_links":{"self":[{"href":"https:\/\/conakrynews.org\/index.php\/wp-json\/wp\/v2\/posts\/11252","targetHints":{"allow":["GET"]}}],"collection":[{"href":"https:\/\/conakrynews.org\/index.php\/wp-json\/wp\/v2\/posts"}],"about":[{"href":"https:\/\/conakrynews.org\/index.php\/wp-json\/wp\/v2\/types\/post"}],"author":[{"embeddable":true,"href":"https:\/\/conakrynews.org\/index.php\/wp-json\/wp\/v2\/users\/2"}],"replies":[{"embeddable":true,"href":"https:\/\/conakrynews.org\/index.php\/wp-json\/wp\/v2\/comments?post=11252"}],"version-history":[{"count":0,"href":"https:\/\/conakrynews.org\/index.php\/wp-json\/wp\/v2\/posts\/11252\/revisions"}],"wp:featuredmedia":[{"embeddable":true,"href":"https:\/\/conakrynews.org\/index.php\/wp-json\/wp\/v2\/media\/11253"}],"wp:attachment":[{"href":"https:\/\/conakrynews.org\/index.php\/wp-json\/wp\/v2\/media?parent=11252"}],"wp:term":[{"taxonomy":"category","embeddable":true,"href":"https:\/\/conakrynews.org\/index.php\/wp-json\/wp\/v2\/categories?post=11252"},{"taxonomy":"post_tag","embeddable":true,"href":"https:\/\/conakrynews.org\/index.php\/wp-json\/wp\/v2\/tags?post=11252"}],"curies":[{"name":"wp","href":"https:\/\/api.w.org\/{rel}","templated":true}]}}