{"id":11273,"date":"2021-12-24T10:08:50","date_gmt":"2021-12-24T10:08:50","guid":{"rendered":"https:\/\/conakrynews.org\/?p=11273"},"modified":"2021-12-24T10:14:03","modified_gmt":"2021-12-24T10:14:03","slug":"guinee-decret-plusieurs-conseillers-nommes-dans-certains-departements-ministeriels","status":"publish","type":"post","link":"https:\/\/conakrynews.org\/index.php\/guinee-decret-plusieurs-conseillers-nommes-dans-certains-departements-ministeriels\/","title":{"rendered":"Guin\u00e9e\/D\u00e9cret: Plusieurs conseillers nomm\u00e9s dans certains d\u00e9partements minist\u00e9riels"},"content":{"rendered":"<h1 class=\"name post-title entry-title\"><\/h1>\n<div class=\"clear\"><\/div>\n<div class=\"entry\">\n<p>Le pr\u00e9sident de la transition, le colonel Mamadi Doumbouya a proc\u00e9d\u00e9 mercredi, 22 d\u00e9cembre 2021\u00e0 la nomination de plusieurs conseillers dans certains d\u00e9partements minist\u00e9riels \u00e0 travers des s\u00e9ries de d\u00e9crets.<\/p>\n<p><strong>Voici la liste de ces cadres :<\/strong><\/p>\n<p><strong>Minist\u00e8re de la Culture, du Tourisme et de l\u2019Artisanat<\/strong><\/p>\n<p><strong><br \/>\n<\/strong>1- Conseiller charg\u00e9 de la Culture : Ansoumane Djessira Cond\u00e9, pr\u00e9c\u00e9demment en service \u00e0 la Direction nationale de la Culture;<\/p>\n<p>2- Conseiller juridique: Fod\u00e9 Mamadou Camara, pr\u00e9c\u00e9demment avocat \u00e0 la Cour;<\/p>\n<p><strong>Minist\u00e8re de l\u2019Agriculture et de l\u2019Elevage<br \/>\n<\/strong><br \/>\n1- Conseiller charg\u00e9 des questions de production et d\u2019alimentation animale : Mamady Cond\u00e9, pr\u00e9c\u00e9demment Secr\u00e9taire g\u00e9n\u00e9ral du minist\u00e8re de l\u2019Elevage<\/p>\n<p>2- Conseiller \u00e9conomique: Mamadou Dian Bald\u00e9, pr\u00e9c\u00e9demment consultant sp\u00e9cialiste en investissement \u00e0 l\u2019UNCDF<\/p>\n<p><strong>Minist\u00e8re de l\u2019Information et de la Communication<\/strong><\/p>\n<p>1- Conseiller principal: Mohamed Cond\u00e9, pr\u00e9c\u00e9demment Secr\u00e9taire g\u00e9n\u00e9ral du minist\u00e8re de l\u2019Information et de la Communication;<\/p>\n<p>2- Conseiller juridique: Elhadj Ibrahima Barry, pr\u00e9c\u00e9demment conseiller juridique \u00e0 l\u2019APIP<\/p>\n<p>3- Conseiller technique: Aboubacar Camara<\/p>\n<p>4- Conseiller en charge des r\u00e9formes et de d\u00e9veloppement des m\u00e9dias et de la publicit\u00e9: Amadou Aliou Barry, pr\u00e9c\u00e9demment Administrateur general de Visionguinee.info<\/p>\n<p>5- Conseill\u00e8re en charge de mission: Gnalen Kouyat\u00e9, pr\u00e9c\u00e9demment responsable du service communication et relations ext\u00e9rieures<\/p>\n<p><strong>Minist\u00e8re de la Promotion f\u00e9minine, de l\u2019Enfance et des personnes vuln\u00e9rables<br \/>\n<\/strong><br \/>\n1- Conseill\u00e8re charge de l\u2019enfance: Fatimatou Diallo, pr\u00e9c\u00e9demment cheffe de division \u00e0 l\u2019enfance;<\/p>\n<p>2- Conseiller charg\u00e9 de mission: Fassou Antoine Lamah, pr\u00e9c\u00e9demment Inspecteur g\u00e9n\u00e9ral;<\/p>\n<p>3- Directeur g\u00e9n\u00e9ral de l\u2019enfance: Akoye Guilavogui, pr\u00e9c\u00e9demment chef de la division Protection de l\u2019enfance.<\/p>\n<p><strong>Minist\u00e8re de la Jeunesse et des Sports<br \/>\n<\/strong><br \/>\n1- Conseiller principal: Ibrahim K\u00e9b\u00e9, pr\u00e9c\u00e9demment conseiller sports, culture et jeunesse \u00e0 la commission communautaire flamande Belgique;<\/p>\n<p>2- Conseill\u00e8re juridique: Simone Aminata B\u00e9avogui, pr\u00e9c\u00e9demment conseill\u00e8re juridique au minist\u00e8re de la Jeunesse et de l\u2019Emploi jeune;<\/p>\n<p>3- Conseiller charg\u00e9 des questions de jeunesse et d\u2019activit\u00e9s socio\u00e9ducatives: S\u00e9n\u00e9 Damba, pr\u00e9c\u00e9demment conseiller principal au minist\u00e8re de la Jeunesse et de l\u2019Emploi jeune;<\/p>\n<p>4- Conseiller charg\u00e9 des questions de sport et de loisir: Felix Dombo, pr\u00e9c\u00e9demment conseiller charg\u00e9 et des activit\u00e9s socio\u00e9ducatives;<\/p>\n<p>5- Conseill\u00e8re charg\u00e9e des questions d\u2019emploi des jeunes Sipa Dem Koma B\u00e9avogui, pr\u00e9c\u00e9demment charg\u00e9e d\u2019\u00e9tudes \u00e0 la Direction nationale des Sports;<\/p>\n<p>6- Conseiller charg\u00e9 de mission: Alhassane Tour\u00e9, pr\u00e9c\u00e9demment manager culturel<\/p>\n<p>&nbsp;<\/p>\n<p><strong>Fanta Keita<\/strong><\/p>\n<\/div>\n","protected":false},"excerpt":{"rendered":"<p>Le pr\u00e9sident de la transition, le colonel Mamadi Doumbouya a proc\u00e9d\u00e9 mercredi, 22 d\u00e9cembre 2021\u00e0 la nomination de plusieurs conseillers dans certains d\u00e9partements minist\u00e9riels \u00e0 travers des s\u00e9ries de d\u00e9crets. Voici la liste de ces cadres : Minist\u00e8re de la Culture, du Tourisme et de l\u2019Artisanat 1- Conseiller charg\u00e9 de la Culture : Ansoumane Djessira [&hellip;]<\/p>\n","protected":false},"author":2,"featured_media":0,"comment_status":"closed","ping_status":"closed","sticky":false,"template":"","format":"standard","meta":{"footnotes":""},"categories":[58],"tags":[],"class_list":{"0":"post-11273","1":"post","2":"type-post","3":"status-publish","4":"format-standard","6":"category-societe"},"_links":{"self":[{"href":"https:\/\/conakrynews.org\/index.php\/wp-json\/wp\/v2\/posts\/11273","targetHints":{"allow":["GET"]}}],"collection":[{"href":"https:\/\/conakrynews.org\/index.php\/wp-json\/wp\/v2\/posts"}],"about":[{"href":"https:\/\/conakrynews.org\/index.php\/wp-json\/wp\/v2\/types\/post"}],"author":[{"embeddable":true,"href":"https:\/\/conakrynews.org\/index.php\/wp-json\/wp\/v2\/users\/2"}],"replies":[{"embeddable":true,"href":"https:\/\/conakrynews.org\/index.php\/wp-json\/wp\/v2\/comments?post=11273"}],"version-history":[{"count":0,"href":"https:\/\/conakrynews.org\/index.php\/wp-json\/wp\/v2\/posts\/11273\/revisions"}],"wp:attachment":[{"href":"https:\/\/conakrynews.org\/index.php\/wp-json\/wp\/v2\/media?parent=11273"}],"wp:term":[{"taxonomy":"category","embeddable":true,"href":"https:\/\/conakrynews.org\/index.php\/wp-json\/wp\/v2\/categories?post=11273"},{"taxonomy":"post_tag","embeddable":true,"href":"https:\/\/conakrynews.org\/index.php\/wp-json\/wp\/v2\/tags?post=11273"}],"curies":[{"name":"wp","href":"https:\/\/api.w.org\/{rel}","templated":true}]}}