{"id":11278,"date":"2021-12-24T13:15:33","date_gmt":"2021-12-24T13:15:33","guid":{"rendered":"https:\/\/conakrynews.org\/?p=11278"},"modified":"2021-12-24T13:15:33","modified_gmt":"2021-12-24T13:15:33","slug":"afrique-subsaharienne-projet-allemand-pour-raccorder-350-000-personnes-a-lelectricite","status":"publish","type":"post","link":"https:\/\/conakrynews.org\/index.php\/afrique-subsaharienne-projet-allemand-pour-raccorder-350-000-personnes-a-lelectricite\/","title":{"rendered":"Afrique subsaharienne: Projet allemand pour raccorder 350.000 personnes \u00e0 l\u2019\u00e9lectricit\u00e9"},"content":{"rendered":"<h1 class=\"name post-title entry-title\"><\/h1>\n<p class=\"post-meta\">\n<div class=\"clear\"><\/div>\n<div class=\"entry\">\n<p>Plus de 350.000 personnes dans les zones rurales d\u2019Afrique subsaharienne auront acc\u00e8s \u00e0 une \u00e9lectricit\u00e9 propre, \u00e0 la faveur d\u2019un projet financ\u00e9 \u00e0 hauteur de 49 millions d\u2019euros par la\u00a0<a href=\"https:\/\/www.kfw-entwicklungsbank.de\/PDF\/Download-Center\/PDF-Dokumente-Selbstdarstellung\/2017_Selbstdarstellung_FR.pdf\" target=\"_blank\" rel=\"noopener noreferrer\">Banque allemande de d\u00e9veloppement<\/a>\u00a0(KfW) qui agit pour le compte du gouvernement f\u00e9d\u00e9ral allemand. Ce financement a \u00e9t\u00e9 octroy\u00e9 \u00e0 la fondation Clean Energy and Energy Inclusion for Africa (CEI Africa), cr\u00e9\u00e9e par la KfW pour fournir de l\u2019\u00e9lectricit\u00e9 respectueuse du climat dans les zones \u00e0 faible densit\u00e9 de population en Afrique subsaharienne.<\/p>\n<p>Le projet fait la promotion de solutions d\u2019\u00e9nergie d\u00e9centralis\u00e9es et renouvelables dans ces zones. Concr\u00e8tement, il porte sur l\u2019installation de 187 mini-r\u00e9seaux \u00e9lectriques priv\u00e9s, hors r\u00e9seaux \u00e9lectriques publics (off-grid, en anglais) qui permettront de fournir l\u2019\u00e9lectricit\u00e9 \u00e0 environ 70.000 m\u00e9nages soit plus de 350.000 personnes, a annonc\u00e9 la KfW. Pour soutenir la mise en place de ces mini-r\u00e9seaux, la CEI Africa accordera des subventions \u00e0 des entreprises africaines actives dans le domaine des \u00e9nergies renouvelables.<\/p>\n<p>La fondation allemande travaillera avec des plateformes de pr\u00eat num\u00e9riques pour financer des mini-r\u00e9seaux et des petites solutions \u00e9nerg\u00e9tiques telles que l\u2019\u00e9clairage solaire, les syst\u00e8mes solaires domestiques, les pompes et les syst\u00e8mes de refroidissement fonctionnant \u00e0 l\u2019\u00e9nergie solaire, a pr\u00e9cis\u00e9 l\u2019institution financi\u00e8re allemande.<\/p>\n<p>\u00ab Environ 550 millions de personnes \u2013 soit pr\u00e8s de la moiti\u00e9 de la population d\u2019Afrique subsaharienne \u2013 n\u2019ont pas acc\u00e8s \u00e0 l\u2019\u00e9lectricit\u00e9. Il est donc urgent d\u2019investir dans l\u2019expansion de l\u2019approvisionnement \u00e9nerg\u00e9tique d\u00e9centralis\u00e9 et de mobiliser des financements priv\u00e9s et publics pour installer des sources d\u2019\u00e9nergie renouvelables \u00bb, a d\u00e9clar\u00e9 Mme Christiane Laibach, membre du conseil d\u2019administration du groupe KfW. Elle a fait remarquer que dans les zones \u00e0 faible densit\u00e9 de population, en Afrique subsaharienne, l\u2019approvisionnement \u00e9nerg\u00e9tique d\u00e9centralis\u00e9 n\u2019est possible qu\u2019en utilisant des solutions off-grid, de petite taille. \u00ab Il s\u2019agit d\u2019une approche innovante avec un avenir prometteur \u00bb, a-t-elle soulign\u00e9.<\/p>\n<p>Au cours des dix prochaines ann\u00e9es, la CEI Africa devrait multiplier par dix son financement et le nombre de raccordements \u00e9lectriques en Afrique, gr\u00e2ce \u00e0 l\u2019implication d\u2019autres bailleurs publics, a indiqu\u00e9 la KfW. Ces mesures contribueront \u00e0 atteindre les objectifs de l\u2019initiative\u00a0<a href=\"https:\/\/gruene-buergerenergie.org\/fr\/initiative\/\" target=\"_blank\" rel=\"noopener noreferrer\">\u00ab Energie verte pour les citoyens d\u2019Afrique \u00bb<\/a>, lanc\u00e9e en 2017 par le minist\u00e8re f\u00e9d\u00e9ral allemand de la Coop\u00e9ration \u00e9conomique et du D\u00e9veloppement (BMZ).<\/p>\n<p>Mise en \u0153uvre conjointement par la KfW et l\u2019agence allemande de coop\u00e9ration internationale (GIZ), cette initiative vise \u00e0 \u00e9tendre et s\u00e9curiser l\u2019approvisionnement en \u00e9nergie durable dans les zones rurales d\u2019Afrique. Ces activit\u00e9s se concentreront dans les pays suivants : B\u00e9nin, C\u00f4te d\u2019Ivoire, \u00c9thiopie, Ghana, Mozambique, Namibie, S\u00e9n\u00e9gal, Ouganda et Zambie. La demande en \u00e9nergie de l\u2019Afrique devrait augmenter de 80 pour cent d\u2019ici 2030.<\/p>\n<\/div>\n","protected":false},"excerpt":{"rendered":"<p>Plus de 350.000 personnes dans les zones rurales d\u2019Afrique subsaharienne auront acc\u00e8s \u00e0 une \u00e9lectricit\u00e9 propre, \u00e0 la faveur d\u2019un projet financ\u00e9 \u00e0 hauteur de 49 millions d\u2019euros par la\u00a0Banque allemande de d\u00e9veloppement\u00a0(KfW) qui agit pour le compte du gouvernement f\u00e9d\u00e9ral allemand. Ce financement a \u00e9t\u00e9 octroy\u00e9 \u00e0 la fondation Clean Energy and Energy Inclusion [&hellip;]<\/p>\n","protected":false},"author":2,"featured_media":11279,"comment_status":"closed","ping_status":"closed","sticky":false,"template":"","format":"standard","meta":{"footnotes":""},"categories":[58],"tags":[],"class_list":{"0":"post-11278","1":"post","2":"type-post","3":"status-publish","4":"format-standard","5":"has-post-thumbnail","7":"category-societe"},"_links":{"self":[{"href":"https:\/\/conakrynews.org\/index.php\/wp-json\/wp\/v2\/posts\/11278","targetHints":{"allow":["GET"]}}],"collection":[{"href":"https:\/\/conakrynews.org\/index.php\/wp-json\/wp\/v2\/posts"}],"about":[{"href":"https:\/\/conakrynews.org\/index.php\/wp-json\/wp\/v2\/types\/post"}],"author":[{"embeddable":true,"href":"https:\/\/conakrynews.org\/index.php\/wp-json\/wp\/v2\/users\/2"}],"replies":[{"embeddable":true,"href":"https:\/\/conakrynews.org\/index.php\/wp-json\/wp\/v2\/comments?post=11278"}],"version-history":[{"count":0,"href":"https:\/\/conakrynews.org\/index.php\/wp-json\/wp\/v2\/posts\/11278\/revisions"}],"wp:featuredmedia":[{"embeddable":true,"href":"https:\/\/conakrynews.org\/index.php\/wp-json\/wp\/v2\/media\/11279"}],"wp:attachment":[{"href":"https:\/\/conakrynews.org\/index.php\/wp-json\/wp\/v2\/media?parent=11278"}],"wp:term":[{"taxonomy":"category","embeddable":true,"href":"https:\/\/conakrynews.org\/index.php\/wp-json\/wp\/v2\/categories?post=11278"},{"taxonomy":"post_tag","embeddable":true,"href":"https:\/\/conakrynews.org\/index.php\/wp-json\/wp\/v2\/tags?post=11278"}],"curies":[{"name":"wp","href":"https:\/\/api.w.org\/{rel}","templated":true}]}}