{"id":11284,"date":"2021-12-26T12:31:07","date_gmt":"2021-12-26T12:31:07","guid":{"rendered":"https:\/\/conakrynews.org\/?p=11284"},"modified":"2021-12-26T12:31:07","modified_gmt":"2021-12-26T12:31:07","slug":"guinee-reactions-des-citoyens-apres-la-reconciliation-de-sekouba-konate-avec-dadis-camara","status":"publish","type":"post","link":"https:\/\/conakrynews.org\/index.php\/guinee-reactions-des-citoyens-apres-la-reconciliation-de-sekouba-konate-avec-dadis-camara\/","title":{"rendered":"Guin\u00e9e: R\u00e9actions des citoyens apr\u00e8s la r\u00e9conciliation de S\u00e9kouba Konat\u00e9 avec Dadis Camara"},"content":{"rendered":"<h1 class=\"name post-title entry-title\"><\/h1>\n<div class=\"entry\">\n<p>Dans son habituel \u00e9lan de patriotisme, le Chef de l\u2019Etat, le Colonel Mamadi Doumbouya, a lanc\u00e9 un vaste programme de pardon et de r\u00e9conciliation. Les images du Capitaine Moussa Dadis et du G\u00e9n\u00e9ral \u00e0 la retraite Sekouba Konat\u00e9, main dans la main, se congratulant, confortent les Guin\u00e9ens dans leur espoir de se regarder d\u00e9sormais en fr\u00e8res et s\u0153urs et non en ennemis. En t\u00e9moignent ces voix qui viennent de la rue et qui constituent l\u2019onction populaire, approuvant cette d\u00e9marche salutaire du Messager divin en Guin\u00e9e, qui n\u2019est autre que l\u2019enfant prodige de Kankan Nabaya, Laye Madi Doumbouya, pour les intimes. Suivez !<\/p>\n<p>LES R\u00c9ACTIONS<\/p>\n<p>ADAMA DIALLO, \u00c9TUDIANTE DIPL\u00d4M\u00c9E : \u00ab Ce qui s\u2019est pass\u00e9 au Palais entre le Pr\u00e9sident Doumbouya et deux de ses pr\u00e9d\u00e9cesseurs peut para\u00eetre anodin. Mais c\u2019est tr\u00e8s symbolique. On ne pouvait r\u00e9ussir aucun processus de r\u00e9conciliation sans ces deux anciens chefs d\u2019Etat. Leur m\u00e9sentente avait creus\u00e9 un grand foss\u00e9 m\u00eame dans l\u2019arm\u00e9e. Aujourd\u2019hui cette rancoeur appartient au pass\u00e9 \u00bb.<\/p>\n<p>NABY MOUSSA YATTARA, HOMME D\u2019AFFAIRES : \u00ab L\u2019histoire retiendra que le Colonel Doumbouya a joint l\u2019acte \u00e0 la parole en initiant cette r\u00e9conciliation. Ce qui s\u2019est pass\u00e9 sous la transition du CNDD \u00e9tait grave. Aujourd\u2019hui les deux hommes, Dadis et Konat\u00e9, ont fait preuve de grandeur d\u2019esprit \u00e0 travers leur discours. Mais tout cela \u00e0 \u00e9t\u00e9 rendu possible gr\u00e2ce \u00e0 la grandeur d\u2019Homme d\u2019Etat du Pr\u00e9sident Mamadi Doumbouya \u00bb.<\/p>\n<p>JEAN BAPTISTE LOUA, MENUISIER : \u00ab Je suis de Koul\u00e9, le village d\u2019origine du Capitaine Dadis. Lorsque j\u2019ai appel\u00e9 mon p\u00e8re au t\u00e9l\u00e9phone, apr\u00e8s la c\u00e9r\u00e9monie de r\u00e9conciliation, il m\u2019a dit qu\u2019\u00e0 Koul\u00e9 et dans tout N\u2019Z\u00e9r\u00e9kor\u00e9, tout le monde est content du retour de Dadis Camara en Guin\u00e9e. Il y a eu beaucoup de promesses st\u00e9riles qui ont \u00e9t\u00e9 faites pour son retour sous l\u2019ancien r\u00e9gime. Mais, malheureusement, il y avait un grandissime manque de volont\u00e9 politique. La r\u00e9conciliation des deux fr\u00e8res d\u2019armes et anciens collaborateurs, le G\u00e9n\u00e9ral Sekouba Konat\u00e9 et Dadis, sous la clairvoyante direction du Colonel Mamadi Doumbouya, est un bon signe de d\u00e9collage sur tous les plans pour toute la Guin\u00e9e \u00bb.<\/p>\n<p>MAMADI CISS\u00c9, JEUNE LEADER : \u00ab Ces images materialisant la r\u00e9conciliation de Konat\u00e9 et de Dadis se passent de commentaires. C\u2019\u00e9tait \u00e9mouvant. Elles r\u00e9sument la ligne directrice du CNRD et son Pr\u00e9sident. Le Colonel Mamadi Doumbouya avait annonc\u00e9 qu\u2019il allait remettre les Guin\u00e9ens ensemble. Et l\u00e0, cet exemple est \u00e9loquemment \u00e9vocateur. Puisse Dieu \u00e9clairer la voie emprunt\u00e9e par notre digne fr\u00e8re le Colonel Mamadi Doumbouya. Amen ! \u00bb.<\/p>\n<p>Sans commentaires !<\/p>\n<p><strong>Propos Rassembl\u00e9s par Mandian SIDIBE\u00a0<\/strong><br \/>\n<strong>Journaliste, Directeur G\u00e9n\u00e9ral de l\u2019Office Guin\u00e9en de Publicit\u00e9<\/strong><\/p>\n<\/div>\n","protected":false},"excerpt":{"rendered":"<p>Dans son habituel \u00e9lan de patriotisme, le Chef de l\u2019Etat, le Colonel Mamadi Doumbouya, a lanc\u00e9 un vaste programme de pardon et de r\u00e9conciliation. Les images du Capitaine Moussa Dadis et du G\u00e9n\u00e9ral \u00e0 la retraite Sekouba Konat\u00e9, main dans la main, se congratulant, confortent les Guin\u00e9ens dans leur espoir de se regarder d\u00e9sormais en [&hellip;]<\/p>\n","protected":false},"author":2,"featured_media":11285,"comment_status":"closed","ping_status":"closed","sticky":false,"template":"","format":"standard","meta":{"footnotes":""},"categories":[58],"tags":[],"class_list":{"0":"post-11284","1":"post","2":"type-post","3":"status-publish","4":"format-standard","5":"has-post-thumbnail","7":"category-societe"},"_links":{"self":[{"href":"https:\/\/conakrynews.org\/index.php\/wp-json\/wp\/v2\/posts\/11284","targetHints":{"allow":["GET"]}}],"collection":[{"href":"https:\/\/conakrynews.org\/index.php\/wp-json\/wp\/v2\/posts"}],"about":[{"href":"https:\/\/conakrynews.org\/index.php\/wp-json\/wp\/v2\/types\/post"}],"author":[{"embeddable":true,"href":"https:\/\/conakrynews.org\/index.php\/wp-json\/wp\/v2\/users\/2"}],"replies":[{"embeddable":true,"href":"https:\/\/conakrynews.org\/index.php\/wp-json\/wp\/v2\/comments?post=11284"}],"version-history":[{"count":0,"href":"https:\/\/conakrynews.org\/index.php\/wp-json\/wp\/v2\/posts\/11284\/revisions"}],"wp:featuredmedia":[{"embeddable":true,"href":"https:\/\/conakrynews.org\/index.php\/wp-json\/wp\/v2\/media\/11285"}],"wp:attachment":[{"href":"https:\/\/conakrynews.org\/index.php\/wp-json\/wp\/v2\/media?parent=11284"}],"wp:term":[{"taxonomy":"category","embeddable":true,"href":"https:\/\/conakrynews.org\/index.php\/wp-json\/wp\/v2\/categories?post=11284"},{"taxonomy":"post_tag","embeddable":true,"href":"https:\/\/conakrynews.org\/index.php\/wp-json\/wp\/v2\/tags?post=11284"}],"curies":[{"name":"wp","href":"https:\/\/api.w.org\/{rel}","templated":true}]}}