{"id":11292,"date":"2021-12-26T14:28:51","date_gmt":"2021-12-26T14:28:51","guid":{"rendered":"https:\/\/conakrynews.org\/?p=11292"},"modified":"2021-12-26T14:28:51","modified_gmt":"2021-12-26T14:28:51","slug":"mercenaires-russes-au-mali-dementi-formel-de-bamako","status":"publish","type":"post","link":"https:\/\/conakrynews.org\/index.php\/mercenaires-russes-au-mali-dementi-formel-de-bamako\/","title":{"rendered":"Mercenaires russes au Mali: d\u00e9menti formel de Bamako"},"content":{"rendered":"<h1 class=\"name post-title entry-title\"><\/h1>\n<p class=\"post-meta\">\n<div class=\"clear\"><\/div>\n<div class=\"entry\">\n<p>Le Mali a d\u00e9menti tout d\u00e9ploiement de mercenaires du groupe paramilitaire russe Wagner, annonc\u00e9 par une quinzaine de puissances occidentales.<\/p>\n<p>Le gouvernement du Mali \u00ab\u00a0apporte un d\u00e9menti formel \u00e0 ces all\u00e9gations sans fondement\u00a0\u00bb sur \u00ab\u00a0un pr\u00e9tendu d\u00e9ploiement des \u00e9l\u00e9ments d\u2019une soci\u00e9t\u00e9 de s\u00e9curit\u00e9 priv\u00e9e au Mali\u00a0\u00bb, a-t-il indiqu\u00e9 dans un communiqu\u00e9 publi\u00e9 vendredi soir.<\/p>\n<p>Une quinzaine de puissances occidentales avaient annonc\u00e9 jeudi dans un communiqu\u00e9 le d\u00e9ploiement au Mali, avec l\u2019aide de Moscou, du groupe Wagner, d\u00e9non\u00e7ant l\u2019implication de ces mercenaires qui interviennent d\u00e9j\u00e0 en Ukraine, en Syrie, en Libye et dans plusieurs pays d\u2019Afrique sub-saharienne.<\/p>\n<p>Le gouvernement malien \u00ab\u00a0exige que des preuves lui soient apport\u00e9es par des sources ind\u00e9pendantes\u00a0\u00bb de la pr\u00e9sence de ce groupe, affirme le communiqu\u00e9 sign\u00e9 du porte-parole du gouvernement, le colonel Abdoulaye Maiga, \u00e9galement ministre de l\u2019Administration territoriale.<\/p>\n<p>Il \u00ab\u00a0tient \u00e0 pr\u00e9ciser qu\u2019au m\u00eame titre que la mission europ\u00e9enne de formation (EUTM), des formateurs russes sont pr\u00e9sents au Mali dans le cadre du renforcement des capacit\u00e9s op\u00e9rationnelles des Forces de d\u00e9fense et de S\u00e9curit\u00e9 nationales\u00a0\u00bb.<\/p>\n<p>Bamako demande \u00e0 \u00ab\u00a0\u00eatre jug\u00e9 sur des actes plut\u00f4t que sur des rumeurs et tient \u00e0 rappeler que l\u2019Etat malien n\u2019est engag\u00e9 que dans un partenariat d\u2019Etat \u00e0 Etat avec la F\u00e9d\u00e9ration de Russie, son partenaire historique\u00a0\u00bb, affirme encore le communiqu\u00e9.<\/p>\n<p>Jeudi, plusieurs pays occidentaux dont dont la France, l\u2019Allemagne, le Royaume-Uni et le Canada, avaient \u00ab\u00a0condamn\u00e9 fermement le d\u00e9ploiement de mercenaires sur le territoire malien\u00a0\u00bb, et d\u00e9nonc\u00e9 \u00ab\u00a0l\u2019implication du gouvernement de la F\u00e9d\u00e9ration de Russie dans la fourniture d\u2019un soutien mat\u00e9riel au d\u00e9ploiement du groupe Wagner au Mali\u00a0\u00bb.<\/p>\n<p><strong>Ligne rouge<\/strong><\/p>\n<p>Le d\u00e9ploiement de mercenaires russes constitue jusqu\u2019\u00e0 pr\u00e9sent une ligne rouge pour Paris.<\/p>\n<p>\u00ab\u00a0On constate aujourd\u2019hui sur place des rotations a\u00e9riennes r\u00e9p\u00e9t\u00e9es avec des avions de transport militaire appartenant \u00e0 l\u2019arm\u00e9e russe, des installations sur l\u2019a\u00e9roport de Bamako permettant l\u2019accueil d\u2019un chiffre significatif de mercenaires, des visites fr\u00e9quentes de cadres de Wagner \u00e0 Bamako et des activit\u00e9s de g\u00e9ologues russes connus pour leur proximit\u00e9 avec Wagner\u00a0\u00bb, avait indiqu\u00e9 une source gouvernementale fran\u00e7aise.<\/p>\n<p>Mercredi, le secr\u00e9taire d\u2019Etat am\u00e9ricain Antony Blinken a d\u00e9j\u00e0 mis en garde le Mali contre des cons\u00e9quences financi\u00e8res et une d\u00e9stabilisation du pays, d\u00e9j\u00e0 en proie aux violences, si le gouvernement recrutait le groupe Wagner.<\/p>\n<p>Les Etats-Unis, suivis par l\u2019Union europ\u00e9enne lundi, ont impos\u00e9 des sanctions contre ce groupe soup\u00e7onn\u00e9 d\u2019\u00eatre proche du pr\u00e9sident russe Vladimir Poutine.<\/p>\n<p>Le Mali est le th\u00e9\u00e2tre depuis 2012 d\u2019op\u00e9rations de groupes jihadistes li\u00e9s \u00e0 Al-Qa\u00efda et au groupe Etat islamique, ainsi que de violences perp\u00e9tr\u00e9es par des \u00ab\u00a0milices d\u2019autod\u00e9fense\u00a0\u00bb et des bandits. Les forces r\u00e9guli\u00e8res sont elles-m\u00eames accus\u00e9es d\u2019exactions.<\/p>\n<p>Les violences parties du nord en 2012 se sont propag\u00e9es au centre, puis au Burkina Faso et au Niger voisins. Elles ont fait des milliers de morts civils et militaires ainsi que des centaines de milliers de d\u00e9plac\u00e9s, malgr\u00e9 le d\u00e9ploiement de forces onusiennes, fran\u00e7aises et africaines.<\/p>\n<p>La prise du pouvoir \u00e0 Bamako par des militaires \u00e0 la faveur d\u2019un putsch en 2020 n\u2019a pas enray\u00e9 la spirale de violences.<\/p>\n<p><strong>Avec VOA<\/strong><\/p>\n<\/div>\n","protected":false},"excerpt":{"rendered":"<p>Le Mali a d\u00e9menti tout d\u00e9ploiement de mercenaires du groupe paramilitaire russe Wagner, annonc\u00e9 par une quinzaine de puissances occidentales. Le gouvernement du Mali \u00ab\u00a0apporte un d\u00e9menti formel \u00e0 ces all\u00e9gations sans fondement\u00a0\u00bb sur \u00ab\u00a0un pr\u00e9tendu d\u00e9ploiement des \u00e9l\u00e9ments d\u2019une soci\u00e9t\u00e9 de s\u00e9curit\u00e9 priv\u00e9e au Mali\u00a0\u00bb, a-t-il indiqu\u00e9 dans un communiqu\u00e9 publi\u00e9 vendredi soir. Une [&hellip;]<\/p>\n","protected":false},"author":2,"featured_media":11293,"comment_status":"closed","ping_status":"closed","sticky":false,"template":"","format":"standard","meta":{"footnotes":""},"categories":[58],"tags":[],"class_list":{"0":"post-11292","1":"post","2":"type-post","3":"status-publish","4":"format-standard","5":"has-post-thumbnail","7":"category-societe"},"_links":{"self":[{"href":"https:\/\/conakrynews.org\/index.php\/wp-json\/wp\/v2\/posts\/11292","targetHints":{"allow":["GET"]}}],"collection":[{"href":"https:\/\/conakrynews.org\/index.php\/wp-json\/wp\/v2\/posts"}],"about":[{"href":"https:\/\/conakrynews.org\/index.php\/wp-json\/wp\/v2\/types\/post"}],"author":[{"embeddable":true,"href":"https:\/\/conakrynews.org\/index.php\/wp-json\/wp\/v2\/users\/2"}],"replies":[{"embeddable":true,"href":"https:\/\/conakrynews.org\/index.php\/wp-json\/wp\/v2\/comments?post=11292"}],"version-history":[{"count":0,"href":"https:\/\/conakrynews.org\/index.php\/wp-json\/wp\/v2\/posts\/11292\/revisions"}],"wp:featuredmedia":[{"embeddable":true,"href":"https:\/\/conakrynews.org\/index.php\/wp-json\/wp\/v2\/media\/11293"}],"wp:attachment":[{"href":"https:\/\/conakrynews.org\/index.php\/wp-json\/wp\/v2\/media?parent=11292"}],"wp:term":[{"taxonomy":"category","embeddable":true,"href":"https:\/\/conakrynews.org\/index.php\/wp-json\/wp\/v2\/categories?post=11292"},{"taxonomy":"post_tag","embeddable":true,"href":"https:\/\/conakrynews.org\/index.php\/wp-json\/wp\/v2\/tags?post=11292"}],"curies":[{"name":"wp","href":"https:\/\/api.w.org\/{rel}","templated":true}]}}