{"id":11322,"date":"2021-12-31T22:04:20","date_gmt":"2021-12-31T22:04:20","guid":{"rendered":"https:\/\/conakrynews.org\/?p=11322"},"modified":"2021-12-31T22:04:20","modified_gmt":"2021-12-31T22:04:20","slug":"discours-de-nouvel-an-du-colonel-mamadi-doumbouya-chef-de-letat","status":"publish","type":"post","link":"https:\/\/conakrynews.org\/index.php\/discours-de-nouvel-an-du-colonel-mamadi-doumbouya-chef-de-letat\/","title":{"rendered":"DISCOURS DE NOUVEL AN DU COLONEL MAMADI DOUMBOUYA CHEF DE L\u2019\u00c9TAT"},"content":{"rendered":"<h1 class=\"name post-title entry-title\" style=\"padding: 0px;margin-top: 0px;margin-bottom: 10px;border: 0px none;font-weight: normal;font-family: BebasNeueRegular, arial, Georgia, serif;font-size: 28px\"><\/h1>\n<p class=\"post-meta\" style=\"padding: 0px 0px 5px;margin: 7px 0px 10px;border-width: 0px 0px 1px;border-style: none none solid;color: #888888;font-size: 11.05px;font-family: 'Droid Sans';border-color: initial initial #f2f2f2 initial\">\n<div class=\"clear\" style=\"padding: 0px;margin: 0px;border: 0px none;clear: both;font-family: 'Droid Sans';font-size: 13px\"><\/div>\n<div class=\"entry\" style=\"padding: 0px;margin: 0px;border: 0px none;line-height: 22px;font-family: 'Droid Sans';font-size: 13px\">\n<p style=\"padding: 0px;margin: 0px 0px 20px;border: 0px none\">Guin\u00e9ennes, Guin\u00e9ens,<\/p>\n<p style=\"padding: 0px;margin: 0px 0px 20px;border: 0px none\">Mes chers compatriotes,<\/p>\n<p style=\"padding: 0px;margin: 0px 0px 20px;border: 0px none\">L\u2019ann\u00e9e qui s\u2019ach\u00e8ve a \u00e9t\u00e9 marqu\u00e9e d\u2019une pierre blanche dans l\u2019histoire de notre pays. Elle aura \u00e9t\u00e9 celle de la cl\u00f4ture d\u2019un chapitre peu glorieux, mais aussi le commencement d\u2019un autre plus radieux. Celui de l\u2019esp\u00e9rance. Celui de la renaissance. Nous laissons derri\u00e8re nous, la violence et l\u2019arrogance. Derri\u00e8re nous, la division et les dilapidations, la corruption et les exactions. Nous \u00e9teignons les tragiques flammes de ces moments de brutalit\u00e9s \u00e9conomiques, financi\u00e8res et humaines, en renaissant de ces br\u00fblantes cendres. C\u2019est la s\u00e8ve nourrici\u00e8re de notre id\u00e9al commun de refondation de notre \u00c9tat et de rectification de nos institutions. Libert\u00e9 et opportunit\u00e9 sont donn\u00e9es \u00e0 chaque Guin\u00e9en et \u00e0 chaque Guin\u00e9enne de reprendre sa place de patriote pour jouer efficacement son r\u00f4le dans le processus de transformation de notre soci\u00e9t\u00e9. C\u2019est notre pays. C\u2019est le pays de nos anc\u00eatres. C\u2019est le pays de nos enfants. C\u2019est la terre dont l\u2019\u00e2me fait battre le coeur de chacun d\u2019entre nous.<\/p>\n<p style=\"padding: 0px;margin: 0px 0px 20px;border: 0px none\">Le 5 septembre dernier, vos soldats ont pris leurs responsabilit\u00e9s, toutes leurs responsabilit\u00e9s, en assumant leur part de risque. Nous l\u2019avons fait pour notre pays. Ce n\u2019\u00e9tait pas une d\u00e9cision facile \u00e0 prendre. Elle s\u2019est impos\u00e9e. C\u2019\u00e9tait une n\u00e9cessit\u00e9. Vous l\u2019avez compris.<\/p>\n<p style=\"padding: 0px;margin: 0px 0px 20px;border: 0px none\">Nous saluons l\u2019adh\u00e9sion populaire que la prise du pouvoir a suscit\u00e9e. C\u2019est le symbole de notre l\u00e9gitimit\u00e9.<\/p>\n<p style=\"padding: 0px;margin: 0px 0px 20px;border: 0px none\">\n<p style=\"padding: 0px;margin: 0px 0px 20px;border: 0px none\">\n<p style=\"padding: 0px;margin: 0px 0px 20px;border: 0px none\">Plus de soixante ans apr\u00e8s notre ind\u00e9pendance, nous avons d\u00e9cid\u00e9 de donner une nouvelle chance \u00e0 notre pays. Nous avons dress\u00e9 le constat de la situation d\u2019impasse et de risques majeurs pour notre coh\u00e9sion nationale. Il fallait agir. Nous avons estim\u00e9 que le temps \u00e9tait enfin venu pour qu\u2019ensemble, nous nous mettions en mouvement.<\/p>\n<p style=\"padding: 0px;margin: 0px 0px 20px;border: 0px none\">L\u2019\u00e9tat de fragilit\u00e9 de notre pays a \u00e9t\u00e9 notre unique motivation : une soci\u00e9t\u00e9 gangr\u00e9n\u00e9e par le communautarisme et le tribalisme, parfois m\u00eame la haine, une coh\u00e9sion nationale inexistante, une confiscation par quelques-uns des richesses de notre pays, une pauvret\u00e9 galopante et une corruption end\u00e9mique. La Guin\u00e9e et les guin\u00e9ens \u00e9taient touch\u00e9s dans leur \u00e2me. La fiert\u00e9 d\u2019\u00eatre guin\u00e9en profond\u00e9ment \u00e9branl\u00e9e.<\/p>\n<p style=\"padding: 0px;margin: 0px 0px 20px;border: 0px none\">La Guin\u00e9e notre pays doit se faire avec tous ses fils et ensemble. Les sages et les religieux ont un grand r\u00f4le \u00e0 jouer dans cette \u00e9dification.<\/p>\n<p style=\"padding: 0px;margin: 0px 0px 20px;border: 0px none\">La division et les propos haineux n\u2019ont plus leur place dans ce chantier nouveau. Les prises de positions personnelles, religieuses, ethniques, r\u00e9gionalistes n\u2019arrangent que ceux nourrissent des ambitions individuelles.<\/p>\n<p style=\"padding: 0px;margin: 0px 0px 20px;border: 0px none\">J\u2019en appelle au sens de responsabilit\u00e9 de tous les acteurs notamment les sages et les religieux pour oeuvrer \u00e0 la paix, \u00e0 la r\u00e9conciliation et au pardon durant cette p\u00e9riode de transition.<\/p>\n<p style=\"padding: 0px;margin: 0px 0px 20px;border: 0px none\">Mes chers compatriotes,<\/p>\n<p style=\"padding: 0px;margin: 0px 0px 20px;border: 0px none\">La situation ne pouvait plus durer. Vous avez approuv\u00e9 notre d\u00e9marche. Vous continuez de l\u2019approuver. Ce combat, vous vous l\u2019\u00eates appropri\u00e9. Ce combat, il n\u2019est pas seulement le mien. Il est le v\u00f4tre. Il est le n\u00f4tre. Ensemble, nous le m\u00e8nerons. \u00c0 chacun de prendre ses responsabilit\u00e9s, toutes ses responsabilit\u00e9s.<\/p>\n<p style=\"padding: 0px;margin: 0px 0px 20px;border: 0px none\">De multiples d\u00e9fis sont en effet devant nous : des d\u00e9fis s\u00e9curitaires dans un environnement sous-r\u00e9gional particuli\u00e8rement mena\u00e7ant ; des d\u00e9fis \u00e9conomiques pour enclencher enfin le cycle de notre d\u00e9veloppement.<\/p>\n<p style=\"padding: 0px;margin: 0px 0px 20px;border: 0px none\">Nous devons nous concentrer sur l\u2019essentiel : nos besoins, afin de mieux profiter de nos richesses au lieu de les dilapider. Nous devons instaurer la culture de la probit\u00e9 et quelle que soit l\u2019aust\u00e9rit\u00e9 qui en d\u00e9coulera.<\/p>\n<p style=\"padding: 0px;margin: 0px 0px 20px;border: 0px none\">En ce d\u00e9but d\u2019ann\u00e9e, je souhaite partager avec vous notre vision.<\/p>\n<p style=\"padding: 0px;margin: 0px 0px 20px;border: 0px none\">Le moment est enfin venu :<\/p>\n<p style=\"padding: 0px;margin: 0px 0px 20px;border: 0px none\">\u2013 le moment de cr\u00e9er un v\u00e9ritable \u00c9tat. Notre \u00c9tat.<\/p>\n<p style=\"padding: 0px;margin: 0px 0px 20px;border: 0px none\">\u2013 le moment de refonder la Nation. Notre Nation, la Nation de nos r\u00eaves.<\/p>\n<p style=\"padding: 0px;margin: 0px 0px 20px;border: 0px none\">La Nation, c\u2019est l\u2019unit\u00e9, c\u2019est se projeter dans la construction d\u2019un avenir commun ; c\u2019est un peuple qui se sent guin\u00e9en, au-del\u00e0 de ses origines, de ses ethnies, de ses particularismes r\u00e9gionaux. Ce sont les enfants d\u2019un m\u00eame pays qui se regardent en fr\u00e8res et soeurs, qui bannissent la haine et r\u00e9apprennent \u00e0 s\u2019aimer.<\/p>\n<p style=\"padding: 0px;margin: 0px 0px 20px;border: 0px none\">La Nation, c\u2019est cette conscience d\u2019un destin partag\u00e9 ; c\u2019est la capacit\u00e9 \u00e0 se rassembler pour \u00eatre plus fort encore.<\/p>\n<p style=\"padding: 0px;margin: 0px 0px 20px;border: 0px none\">Un corps uni, mes chers compatriotes, est un corps solide, un corps valide, un corps op\u00e9rationnel pour relever tous les d\u00e9fis. Je n\u2019ai pas d\u2019autre ambition que celle de la mission de rassemblement de la Guin\u00e9e. Ce mot n\u2019est pas vain. Ce n\u2019est pas un artifice lexical dans le nom du CNRD.<\/p>\n<p style=\"padding: 0px;margin: 0px 0px 20px;border: 0px none\">Mais comme tout pass\u00e9, les lignes blanches sont parfois travers\u00e9es de lettres rouges. Je comprends certaines frustrations, des incompr\u00e9hensions face \u00e0 certaines de nos d\u00e9cisions.<\/p>\n<p style=\"padding: 0px;margin: 0px 0px 20px;border: 0px none\">J\u2019en mesure la teneur. Croyez-moi, chacune de nos actions n\u2019est guid\u00e9e et ne sera guid\u00e9e que pour la protection, la d\u00e9fense et l\u2019unit\u00e9 de notre patrie. Nous venons de loin. Trop de larmes inutiles ont \u00e9t\u00e9 vers\u00e9es. Trop de trag\u00e9dies vaines, de discussions malsaines, d\u2019intrigues politiciennes. Le moment de l\u2019union sacr\u00e9e est venu. Elle b\u00e2tira les solides fondations dont notre pays a besoin. Pour parvenir \u00e0 des r\u00e9sultats probants, la n\u00e9cessit\u00e9 pour nous de prendre des d\u00e9cisions fortes et courageuses s\u2019impose, dans l\u2019int\u00e9r\u00eat des guin\u00e9ennes et des guin\u00e9ens.<\/p>\n<p style=\"padding: 0px;margin: 0px 0px 20px;border: 0px none\">\n<p style=\"padding: 0px;margin: 0px 0px 20px;border: 0px none\">Mes chers compatriotes,<\/p>\n<p style=\"padding: 0px;margin: 0px 0px 20px;border: 0px none\">L\u2019\u00e9dification de notre Nation impose deux choses : la r\u00e9conciliation et la confiance en nos institutions. Nous fonderons une Nation. Mais nous cr\u00e9erons aussi un \u00c9tat. L\u2019\u00c9tat qui s\u2019impose comme le socle de la nation guin\u00e9enne : Un \u00c9tat inclusif, impartial, au service de tous, o\u00f9 nos fils et petits-fils vivront en harmonie.<\/p>\n<p style=\"padding: 0px;margin: 0px 0px 20px;border: 0px none\">Nous b\u00e2tirons un \u00c9tat de droit, respectueux des r\u00e8gles et des proc\u00e9dures, avec une s\u00e9paration des pouvoirs et une justice v\u00e9ritablement ind\u00e9pendante. Un \u00c9tat aux serviteurs dont la probit\u00e9 et l\u2019exemplarit\u00e9 seront sans faille. Chacun sera d\u00e9sormais responsable de ses actes. Il lui sera demand\u00e9 de rendre des comptes.<\/p>\n<p style=\"padding: 0px;margin: 0px 0px 20px;border: 0px none\">Nous b\u00e2tirons aussi un \u00c9tat plus proche des citoyens. Humaniser ses pratiques et rendre ses services plus accessibles aux citoyens gr\u00e2ce \u00e0 une politique r\u00e9solue de digitalisation. Chacun, quel que soit l\u2019endroit o\u00f9 il vit, doit pouvoir avoir acc\u00e8s aux services de l\u2019\u00c9tat.<\/p>\n<p style=\"padding: 0px;margin: 0px 0px 20px;border: 0px none\">Guin\u00e9ennes et guin\u00e9ens,<\/p>\n<p style=\"padding: 0px;margin: 0px 0px 20px;border: 0px none\">Notre Guin\u00e9e est fragile. Elle l\u2019est du fait de dysfonctionnements qui sont tr\u00e8s nombreux, et qui fissurent notre unit\u00e9. Ils d\u00e9cr\u00e9dibilisent nos institutions. Ils sont \u00e0 l\u2019origine des crises cycliques qui d\u00e9stabilisent les fondements de notre \u00c9tat. Ils enfantent violence et souffrance, r\u00e9pression et d\u00e9solation. La justice sera pour tous, y compris les gouvernants.<\/p>\n<p style=\"padding: 0px;margin: 0px 0px 20px;border: 0px none\">Nous allons r\u00e9gler ces dysfonctionnements. Nous n\u2019allons pas d\u00e9cr\u00e9ter le changement, mais nous le construirons ensemble brique par brique. Pour cela, il faut un peu de temps. Se donner le temps de poser un diagnostic juste. Se donner le temps d\u2019identifier les vrais probl\u00e8mes. Se donner le temps de prescrire les bons rem\u00e8des. Ce sera le r\u00f4le du CNT qui sera constitu\u00e9 tr\u00e8s bient\u00f4t. L\u2019abondance de candidatures a retard\u00e9 la mise en route, que j\u2019aurais souhait\u00e9e plus rapide.<\/p>\n<p style=\"padding: 0px;margin: 0px 0px 20px;border: 0px none\">Le CNT nous proposera un chronogramme consensuel. Chaque force politique et sociale de notre pays s\u2019y reconna\u00eetra. Il nous proposera une nouvelle constitution. Cette constitution consensuelle sera adopt\u00e9e par r\u00e9f\u00e9rendum. A la suite de ce processus, nous organiserons des \u00e9lections : \u00e9lections communales d\u2019abord, l\u00e9gislatives ensuite et enfin scrutin pr\u00e9sidentiel. Avant, bien s\u00fbr, le cadre devra<\/p>\n<p style=\"padding: 0px;margin: 0px 0px 20px;border: 0px none\">garantir la fiabilit\u00e9 des scrutins et la cr\u00e9dibilit\u00e9 des r\u00e9sultats ; je pense ici notamment \u00e0 la liste \u00e9lectorale, \u00e0 l\u2019\u00e9tablissement de bureaux de vote en zone rurale. Ce n\u2019est pas simplement une question de logistique. C\u2019est une question d\u2019\u00e9quit\u00e9 et d\u2019\u00e9galit\u00e9 des droits entre tous les Guin\u00e9ens.<\/p>\n<p style=\"padding: 0px;margin: 0px 0px 20px;border: 0px none\">Faites-moi confiance. Je suis l\u00e0 pour servir, pour vous servir. Et le moment venu, le pouvoir, je vous le remettrai, \u00e0 vous, peuple de Guin\u00e9e.<\/p>\n<p style=\"padding: 0px;margin: 0px 0px 20px;border: 0px none\">En attendant, la Guin\u00e9e ne d\u00e9raillera pas, parce que je ne faillirai pas. Elle ne vacillera pas, parce que je ne tremblerai pas. Ma d\u00e9termination pour ce pays est sans limite. Je vous garantis que le temps des errements est termin\u00e9. Le temps des saign\u00e9es de toutes sortes est r\u00e9volu. Le r\u00f4le qui m\u2019est d\u00e9volu, c\u2019est de conduire cette transition au terme de laquelle nos larmes auront tari, nos r\u00eaves refleuri, nos coeurs seront apais\u00e9s et nos conflits dissip\u00e9s. C\u2019est le sens du sacrifice que mes compagnons et moi avons modestement consenti le 05 septembre dernier. S\u2019il fallait le refaire, c\u2019est avec la m\u00eame d\u00e9termination que nous repartirions.<\/p>\n<p style=\"padding: 0px;margin: 0px 0px 20px;border: 0px none\">Mes chers compatriotes,<\/p>\n<p style=\"padding: 0px;margin: 0px 0px 20px;border: 0px none\">Sachons trouver en nous-m\u00eames la force, la confiance et la volont\u00e9 pour faire de 2022 une ann\u00e9e de refondation et de renaissance, afin d\u2019offrir \u00e0 notre population, notamment \u00e0 la jeunesse l\u2019opportunit\u00e9 d\u2019une vie meilleure ! Vous pouvez compter sur mon enti\u00e8re d\u00e9termination. L\u2019avenir nous appartient.<\/p>\n<p style=\"padding: 0px;margin: 0px 0px 20px;border: 0px none\">Avant de finir, je vous annonce que courant le premier trimestre 2022, nous organiserons sur toute l\u2019\u00e9tendue du territoire national et dans nos ambassades \u00e0 l\u2019\u00e9tranger des assises nationales d\u00e9nomm\u00e9es \u00ab journ\u00e9es de v\u00e9rit\u00e9 et pardon \u00bb. Ces journ\u00e9es permettront de cerner l\u2019ampleur et le contour du vaste chantier de construction de notre union sacr\u00e9e.<\/p>\n<p style=\"padding: 0px;margin: 0px 0px 20px;border: 0px none\">Ensemble, ayons une pens\u00e9e pour nos malades, nos soldats engag\u00e9s sur des th\u00e9\u00e2tres d\u2019op\u00e9rations ext\u00e9rieures, soutenons notre Syli national et nos concitoyens de la diaspora.<\/p>\n<p style=\"padding: 0px;margin: 0px 0px 20px;border: 0px none\">C\u2019est l\u2019occasion pour moi d\u2019inviter chaque Guin\u00e9enne et Guin\u00e9en \u00e0 plus de vigilance et de protection face \u00e0 la nouvelle flamb\u00e9e des cas de Covid-19 dans le monde et chez nous.<\/p>\n<p style=\"padding: 0px;margin: 0px 0px 20px;border: 0px none\">La vie de chaque guin\u00e9en compte pour moi. C\u2019est \u00e0 ce titre que j\u2019invite nos concitoyens \u00e0 continuer \u00e0 respecter les gestes barri\u00e8res et \u00e0 se faire vacciner afin d\u2019atteindre l\u2019immunit\u00e9 collective.<\/p>\n<p style=\"padding: 0px;margin: 0px 0px 20px;border: 0px none\">J\u2019adresse \u00e0 chacune et chacun d\u2019entre vous mes voeux de tr\u00e8s heureuse ann\u00e9e 2022 !<\/p>\n<p style=\"padding: 0px;margin: 0px 0px 20px;border: 0px none\">Vive la Guin\u00e9e ! Vive la R\u00e9publique !<\/p>\n<p style=\"padding: 0px;margin: 0px 0px 20px;border: 0px none\">Je vous remercie.<\/p>\n<p style=\"padding: 0px;margin: 0px 0px 20px;border: 0px none\">\n<\/div>\n<div class=\"share-post\" style=\"padding: 8px 0px 6px 10px;margin: 10px -20px -20px;border-width: 1px 0px 0px;border-style: solid none none;clear: both;background: #f7f7f7;font-family: 'Droid Sans';font-size: 13px;border-color: #eaeaea initial initial initial\">\n<ul class=\"flat-social\" style=\"padding: 0px;margin: 0px;border: 0px none\">\n<li style=\"padding: 0px;margin: 0px;border: 0px none;float: left;width: 100px\"><\/li>\n<\/ul>\n<\/div>\n","protected":false},"excerpt":{"rendered":"<p>Guin\u00e9ennes, Guin\u00e9ens, Mes chers compatriotes, L\u2019ann\u00e9e qui s\u2019ach\u00e8ve a \u00e9t\u00e9 marqu\u00e9e d\u2019une pierre blanche dans l\u2019histoire de notre pays. Elle aura \u00e9t\u00e9 celle de la cl\u00f4ture d\u2019un chapitre peu glorieux, mais aussi le commencement d\u2019un autre plus radieux. Celui de l\u2019esp\u00e9rance. Celui de la renaissance. Nous laissons derri\u00e8re nous, la violence et l\u2019arrogance. Derri\u00e8re nous, [&hellip;]<\/p>\n","protected":false},"author":2,"featured_media":11323,"comment_status":"closed","ping_status":"closed","sticky":false,"template":"","format":"standard","meta":{"footnotes":""},"categories":[57],"tags":[],"class_list":{"0":"post-11322","1":"post","2":"type-post","3":"status-publish","4":"format-standard","5":"has-post-thumbnail","7":"category-politique"},"_links":{"self":[{"href":"https:\/\/conakrynews.org\/index.php\/wp-json\/wp\/v2\/posts\/11322","targetHints":{"allow":["GET"]}}],"collection":[{"href":"https:\/\/conakrynews.org\/index.php\/wp-json\/wp\/v2\/posts"}],"about":[{"href":"https:\/\/conakrynews.org\/index.php\/wp-json\/wp\/v2\/types\/post"}],"author":[{"embeddable":true,"href":"https:\/\/conakrynews.org\/index.php\/wp-json\/wp\/v2\/users\/2"}],"replies":[{"embeddable":true,"href":"https:\/\/conakrynews.org\/index.php\/wp-json\/wp\/v2\/comments?post=11322"}],"version-history":[{"count":0,"href":"https:\/\/conakrynews.org\/index.php\/wp-json\/wp\/v2\/posts\/11322\/revisions"}],"wp:featuredmedia":[{"embeddable":true,"href":"https:\/\/conakrynews.org\/index.php\/wp-json\/wp\/v2\/media\/11323"}],"wp:attachment":[{"href":"https:\/\/conakrynews.org\/index.php\/wp-json\/wp\/v2\/media?parent=11322"}],"wp:term":[{"taxonomy":"category","embeddable":true,"href":"https:\/\/conakrynews.org\/index.php\/wp-json\/wp\/v2\/categories?post=11322"},{"taxonomy":"post_tag","embeddable":true,"href":"https:\/\/conakrynews.org\/index.php\/wp-json\/wp\/v2\/tags?post=11322"}],"curies":[{"name":"wp","href":"https:\/\/api.w.org\/{rel}","templated":true}]}}