{"id":11347,"date":"2022-01-05T17:57:09","date_gmt":"2022-01-05T17:57:09","guid":{"rendered":"https:\/\/conakrynews.org\/?p=11347"},"modified":"2022-01-05T21:53:16","modified_gmt":"2022-01-05T21:53:16","slug":"voeux-de-nouvel-anle-colonel-mamadi-doumbouya-recoit-les-ambassadeurs-et-chefs-de-mission-diplomatiques","status":"publish","type":"post","link":"https:\/\/conakrynews.org\/index.php\/voeux-de-nouvel-anle-colonel-mamadi-doumbouya-recoit-les-ambassadeurs-et-chefs-de-mission-diplomatiques\/","title":{"rendered":"V\u0153ux de Nouvel An:Le Colonel Mamadi  Doumbouya re\u00e7oit les Ambassadeurs et chefs de mission diplomatique"},"content":{"rendered":"<h1 class=\"name post-title entry-title\"><\/h1>\n<div class=\"clear\"><\/div>\n<div class=\"entry\">\n<p>Le pr\u00e9sident de la transition, Colonel Mamadi Doumbouya\u00a0 a re\u00e7u ce\u00a0 mercredi, 5 janvier\u00a0 au palais Mohamed V, dans la salle de banquet, les ambassadeurs, les charg\u00e9s d\u2019affaires, les chefs de Mission diplomatique et consulaire et les repr\u00e9sentants des Organisations Internationales.<\/p>\n<p>Il est revenu tout d\u2019abord, \u00e0 son SEM Ernesto Muntaga Jalo, Ambassadeur de la R\u00e9publique s\u0153ur de Guin\u00e9e-Bissau de prendre la parole au nom de ses coll\u00e8gues diplomates pour adresser au Pr\u00e9sident de la Transition et au peuple de Guin\u00e9e, les v\u0153ux de paix, de progr\u00e8s et de dialogue de l\u2019ensemble des diplomates ainsi que des chefs d\u2018\u00c9tats qu\u2019ils repr\u00e9sentent en R\u00e9publique de Guin\u00e9e.<\/p>\n<p>Le Chef de l\u2019\u00c9tat, dans son allocution a souhait\u00e9 ses v\u0153ux les meilleurs au corps diplomatique, en son nom personnel, et au nom du peuple de Guin\u00e9e. Il a rappel\u00e9 le chemin parcouru, depuis la prise de pouvoir par le CNRD, le 05 septembre 2021.<br \/>\n\u2018\u2019L\u2019ann\u00e9e 2021 a \u00e9t\u00e9 l\u2019ann\u00e9e d\u2019un profond changement en Guin\u00e9e et vous avez \u00e9t\u00e9 ici, les observateurs de ce changement de cap majeur dans l\u2019histoire de notre pays\u2018\u2019 a -t\u2019il ajout\u00e9 tout en pr\u00e9cisant : \u2018\u2019Maintenant comme par le pass\u00e9, nous r\u00e9affirmons notre appartenance \u00e0 la communaut\u00e9 internationale. Dans la m\u00eame veine, nous continuerons \u00e0 respecter tous les engagements internationaux auxquels notre pays est partie prenante.\u2019\u2019<\/p>\n<p>Abordant la question de l\u2019ancien Chef de l\u2019\u00c9tat, le Professeur Alpha Conde, le Pr\u00e9sident de la Transition a rappel\u00e9 qu\u2019\u00e0 titre humanitaire, il a acc\u00e9d\u00e9 aux dol\u00e9ances de la communaut\u00e9 internationale pour garantir ses soins \u00e0 l\u2019\u00e9tranger, dans un pays de son choix et que dans les prochains jours, il pourra sortir de la Guin\u00e9e.<\/p>\n<p>Le Pr\u00e9sident de la Transition conclura par une invite \u00e0 la communaut\u00e9 internationale: \u2018\u2019Je voudrais donc vous demander en tant que dignes repr\u00e9sentants de vos diff\u00e9rents pays de continuer \u00e0 renforcer nos relations pendant et apr\u00e8s cette paisible transition que nous souhaitons inclusive\u2019\u2019.<\/p>\n<p>Avec\u00a0 la Pr\u00e9sidence de la R\u00e9publique de Guin\u00e9e<\/p>\n<\/div>\n","protected":false},"excerpt":{"rendered":"<p>Le pr\u00e9sident de la transition, Colonel Mamadi Doumbouya\u00a0 a re\u00e7u ce\u00a0 mercredi, 5 janvier\u00a0 au palais Mohamed V, dans la salle de banquet, les ambassadeurs, les charg\u00e9s d\u2019affaires, les chefs de Mission diplomatique et consulaire et les repr\u00e9sentants des Organisations Internationales. Il est revenu tout d\u2019abord, \u00e0 son SEM Ernesto Muntaga Jalo, Ambassadeur de la [&hellip;]<\/p>\n","protected":false},"author":2,"featured_media":11350,"comment_status":"closed","ping_status":"closed","sticky":false,"template":"","format":"standard","meta":{"footnotes":""},"categories":[58],"tags":[],"class_list":{"0":"post-11347","1":"post","2":"type-post","3":"status-publish","4":"format-standard","5":"has-post-thumbnail","7":"category-societe"},"_links":{"self":[{"href":"https:\/\/conakrynews.org\/index.php\/wp-json\/wp\/v2\/posts\/11347","targetHints":{"allow":["GET"]}}],"collection":[{"href":"https:\/\/conakrynews.org\/index.php\/wp-json\/wp\/v2\/posts"}],"about":[{"href":"https:\/\/conakrynews.org\/index.php\/wp-json\/wp\/v2\/types\/post"}],"author":[{"embeddable":true,"href":"https:\/\/conakrynews.org\/index.php\/wp-json\/wp\/v2\/users\/2"}],"replies":[{"embeddable":true,"href":"https:\/\/conakrynews.org\/index.php\/wp-json\/wp\/v2\/comments?post=11347"}],"version-history":[{"count":0,"href":"https:\/\/conakrynews.org\/index.php\/wp-json\/wp\/v2\/posts\/11347\/revisions"}],"wp:featuredmedia":[{"embeddable":true,"href":"https:\/\/conakrynews.org\/index.php\/wp-json\/wp\/v2\/media\/11350"}],"wp:attachment":[{"href":"https:\/\/conakrynews.org\/index.php\/wp-json\/wp\/v2\/media?parent=11347"}],"wp:term":[{"taxonomy":"category","embeddable":true,"href":"https:\/\/conakrynews.org\/index.php\/wp-json\/wp\/v2\/categories?post=11347"},{"taxonomy":"post_tag","embeddable":true,"href":"https:\/\/conakrynews.org\/index.php\/wp-json\/wp\/v2\/tags?post=11347"}],"curies":[{"name":"wp","href":"https:\/\/api.w.org\/{rel}","templated":true}]}}