{"id":11362,"date":"2022-01-07T08:32:02","date_gmt":"2022-01-07T08:32:02","guid":{"rendered":"https:\/\/conakrynews.org\/?p=11362"},"modified":"2022-01-07T08:32:02","modified_gmt":"2022-01-07T08:32:02","slug":"chu-dignace-deen-dr-awada-refuse-de-ceder-sa-place-a-un-cadre-nomme-par-un-arrete-du-ministre-de-la-sante","status":"publish","type":"post","link":"https:\/\/conakrynews.org\/index.php\/chu-dignace-deen-dr-awada-refuse-de-ceder-sa-place-a-un-cadre-nomme-par-un-arrete-du-ministre-de-la-sante\/","title":{"rendered":"CHU d\u2019Ignace Deen : Dr Awada refuse de c\u00e9der sa place \u00e0 un cadre nomm\u00e9 par un arr\u00eat\u00e9 du ministre de la sant\u00e9"},"content":{"rendered":"<h1 class=\"name post-title entry-title\"><\/h1>\n<div class=\"clear\"><\/div>\n<div class=\"entry\">\n<p>Le Directeur g\u00e9n\u00e9ral du CHU d\u2019Ignace Deen, Dr Awada qui devrait faire valoir ses droits \u00e0 la retraite \u00e0 compter de ce mois de janvier aurait refus\u00e9 de c\u00e9der son poste \u00e0 un autre cadre qui a \u00e9t\u00e9 nomm\u00e9 par un arr\u00eat\u00e9 du nouveau ministre de la sant\u00e9.<\/p>\n<p>Selon les informations, comme Dr Awada devrait faire valoir ses droits \u00e0 la retraite \u00e0 compter de ce mois de janvier, le ministre de la sant\u00e9 aurait voulu le remplac\u00e9 \u00a0par un arr\u00eat\u00e9 en nommant un cadre du d\u00e9partement \u00e0 la t\u00eate du CHU d\u2019Ignace Deen.<\/p>\n<p>La passation de service qui \u00e9tait pr\u00e9vue hier mercredi 5 janvier dernier au CHU d\u2019Ignace Deen n\u2019a pas eu lieu parce que \u00a0Dr Awada aurait refus\u00e9 de c\u00e9der sa place \u00e0 un cadre qui est nomm\u00e9 par un arr\u00eat\u00e9 tandis que lui, a b\u00e9n\u00e9fici\u00e9 un d\u00e9cret du pr\u00e9sident de R\u00e9publique d\u2019alors pour \u00eatre \u00e0 la t\u00eate dudit CHU.<\/p>\n<p>En effet, cette situation divise de nos jours les nouvelles autorit\u00e9s du minist\u00e8re de la sant\u00e9 \u00e0 Dr Awada jusque-l\u00e0 Directeur g\u00e9n\u00e9ral du CHU d\u2019Ignace Deen.<\/p>\n<p>\u00c0 noter que selon les principes de l\u2019administration, un arr\u00eat\u00e9 minist\u00e9riel ne peut en aucun cas r\u00e9voqu\u00e9 un cadre qui a \u00e9t\u00e9 nomm\u00e9 par d\u00e9cret pr\u00e9sidentiel \u00e0 son poste.<\/p>\n<p><strong>Fanta Kamano<\/strong><\/p>\n<\/div>\n","protected":false},"excerpt":{"rendered":"<p>Le Directeur g\u00e9n\u00e9ral du CHU d\u2019Ignace Deen, Dr Awada qui devrait faire valoir ses droits \u00e0 la retraite \u00e0 compter de ce mois de janvier aurait refus\u00e9 de c\u00e9der son poste \u00e0 un autre cadre qui a \u00e9t\u00e9 nomm\u00e9 par un arr\u00eat\u00e9 du nouveau ministre de la sant\u00e9. Selon les informations, comme Dr Awada devrait [&hellip;]<\/p>\n","protected":false},"author":2,"featured_media":11363,"comment_status":"closed","ping_status":"closed","sticky":false,"template":"","format":"standard","meta":{"footnotes":""},"categories":[1],"tags":[],"class_list":{"0":"post-11362","1":"post","2":"type-post","3":"status-publish","4":"format-standard","5":"has-post-thumbnail","7":"category-non-classe"},"_links":{"self":[{"href":"https:\/\/conakrynews.org\/index.php\/wp-json\/wp\/v2\/posts\/11362","targetHints":{"allow":["GET"]}}],"collection":[{"href":"https:\/\/conakrynews.org\/index.php\/wp-json\/wp\/v2\/posts"}],"about":[{"href":"https:\/\/conakrynews.org\/index.php\/wp-json\/wp\/v2\/types\/post"}],"author":[{"embeddable":true,"href":"https:\/\/conakrynews.org\/index.php\/wp-json\/wp\/v2\/users\/2"}],"replies":[{"embeddable":true,"href":"https:\/\/conakrynews.org\/index.php\/wp-json\/wp\/v2\/comments?post=11362"}],"version-history":[{"count":0,"href":"https:\/\/conakrynews.org\/index.php\/wp-json\/wp\/v2\/posts\/11362\/revisions"}],"wp:featuredmedia":[{"embeddable":true,"href":"https:\/\/conakrynews.org\/index.php\/wp-json\/wp\/v2\/media\/11363"}],"wp:attachment":[{"href":"https:\/\/conakrynews.org\/index.php\/wp-json\/wp\/v2\/media?parent=11362"}],"wp:term":[{"taxonomy":"category","embeddable":true,"href":"https:\/\/conakrynews.org\/index.php\/wp-json\/wp\/v2\/categories?post=11362"},{"taxonomy":"post_tag","embeddable":true,"href":"https:\/\/conakrynews.org\/index.php\/wp-json\/wp\/v2\/tags?post=11362"}],"curies":[{"name":"wp","href":"https:\/\/api.w.org\/{rel}","templated":true}]}}