{"id":11371,"date":"2022-01-09T15:16:04","date_gmt":"2022-01-09T15:16:04","guid":{"rendered":"https:\/\/conakrynews.org\/?p=11371"},"modified":"2022-01-09T15:16:04","modified_gmt":"2022-01-09T15:16:04","slug":"guinee-humanitaire-une-portugaise-offre-des-vivres-et-materiels-didactiques-a-lorphelinat-la-voix-des-sans-voix-de-hamdallaye","status":"publish","type":"post","link":"https:\/\/conakrynews.org\/index.php\/guinee-humanitaire-une-portugaise-offre-des-vivres-et-materiels-didactiques-a-lorphelinat-la-voix-des-sans-voix-de-hamdallaye\/","title":{"rendered":"Guin\u00e9e-Humanitaire: Une portugaise offre des vivres et Mat\u00e9riels didactiques \u00e0 l\u2019Orphelinat \u2018\u2019 \u2019La voix des sans voix\u2019\u2019 de Hamdallaye"},"content":{"rendered":"<p><!--more--><\/p>\n<p>&nbsp;<\/p>\n<p>&nbsp;<\/p>\n<p>A travers la Fondation Diaka Camara, Madame, Melany Marques, c\u2019est le nom de famille d\u2019une portugaise qui vient d\u2019exprimer sa solidarit\u00e9 en offrant des vivres et mat\u00e9riels didactiques aux enfants d\u00e9sh\u00e9rit\u00e9s de l\u2019Orphelinat baptis\u00e9 \u00abLa voix des sans voix\u00bb sis au quartier Hamdallaye, Commune Urbaine de Ratoma dans la R\u00e9gion administrative de Conakry.<\/p>\n<p>Le don est compos\u00e9 des sacs des riz, matelas, bidons d\u2019huile, boites de conserve et d\u2019un important lot de mat\u00e9riels didactiques destin\u00e9s \u00e0 l\u2019orphelinat \u2018\u2019La voix des sans voix\u2019\u2019.<\/p>\n<p>&nbsp;<\/p>\n<p>Cette action de solidarit\u00e9 agissante vient combler un grand vide chez les enfants ainsi que chez leurs encadreurs.<\/p>\n<p>Plantant le d\u00e9cor, la donatrice explique: \u00abIl y a plusieurs ann\u00e9es que je vienne en Guin\u00e9e dans le but d\u2019aider les personnes n\u00e9cessiteuses. Et du coup, je me suis dit pourquoi ne pas faire de dons \u00e0 cet orphelinat ?\u00bb<\/p>\n<p>\u00abParce que je savais qu\u2019il y a beaucoup de gens dans le besoin. Des enfants qui ont moins de chance que nous, je pense que c\u2019est important de leur donner les moyens d\u2019\u00e9tudier et de mieux vivre. Cela est possible\u00bb, a-t-elle ajout\u00e9.<\/p>\n<p>Visiblement enchant\u00e9e, la fondatrice de l\u2019orphelinat \u2018\u2019La voix des sans voix\u2019\u2019, Mme Yarie Camara pense que<br \/>\n\u00abCe don est venu \u00e0 point nomm\u00e9 car il permettra de combler de nombreux vides dont nous souffrons. A vrai dire, nous n\u2019avions plus de vivres. Je suis sinc\u00e8rement contente du geste et je remercie la fondation Diaka Camara, \u00e0 travers laquelle ce don nous est parvenu.\u00bb<\/p>\n<p>La fondatrice de l\u2019Orphelinat a saisi l\u2019opportunit\u00e9 pour lancer l\u2019appel pressant aux autorit\u00e9s comp\u00e9tentes et aux personnes de bonne volont\u00e9 afin de permettre \u00e0 son \u00e9quipe de continuer \u00e0 soutenir les frais de loyer qui, selon elle, est estim\u00e9s \u00e0 6 millions par mois.<br \/>\nCr\u00e9\u00e9 en 2009, l\u2019orphelinat \u2018\u2019La voix des sans voix\u2019\u2019 compte \u00e0 date, un effectif total de 54 enfants dont 36 apprenants seulement.<\/p>\n<p>D\u2019o\u00f9 la sollicitation du Minist\u00e8re en Charge des Personnes vuln\u00e9rables.<\/p>\n","protected":false},"excerpt":{"rendered":"&nbsp; &nbsp; A travers la Fondation Diaka Camara, Madame, Melany Marques, c\u2019est le nom de famille d\u2019une portugaise qui vient d\u2019exprimer sa solidarit\u00e9 en offrant des vivres et mat\u00e9riels didactiques aux enfants d\u00e9sh\u00e9rit\u00e9s de l\u2019Orphelinat baptis\u00e9 \u00abLa voix des sans voix\u00bb sis au quartier Hamdallaye, Commune Urbaine de Ratoma dans la R\u00e9gion administrative de Conakry. [...]","protected":false},"author":2,"featured_media":11372,"comment_status":"closed","ping_status":"closed","sticky":false,"template":"","format":"standard","meta":{"footnotes":""},"categories":[58],"tags":[],"class_list":{"0":"post-11371","1":"post","2":"type-post","3":"status-publish","4":"format-standard","5":"has-post-thumbnail","7":"category-societe"},"_links":{"self":[{"href":"https:\/\/conakrynews.org\/index.php\/wp-json\/wp\/v2\/posts\/11371","targetHints":{"allow":["GET"]}}],"collection":[{"href":"https:\/\/conakrynews.org\/index.php\/wp-json\/wp\/v2\/posts"}],"about":[{"href":"https:\/\/conakrynews.org\/index.php\/wp-json\/wp\/v2\/types\/post"}],"author":[{"embeddable":true,"href":"https:\/\/conakrynews.org\/index.php\/wp-json\/wp\/v2\/users\/2"}],"replies":[{"embeddable":true,"href":"https:\/\/conakrynews.org\/index.php\/wp-json\/wp\/v2\/comments?post=11371"}],"version-history":[{"count":0,"href":"https:\/\/conakrynews.org\/index.php\/wp-json\/wp\/v2\/posts\/11371\/revisions"}],"wp:featuredmedia":[{"embeddable":true,"href":"https:\/\/conakrynews.org\/index.php\/wp-json\/wp\/v2\/media\/11372"}],"wp:attachment":[{"href":"https:\/\/conakrynews.org\/index.php\/wp-json\/wp\/v2\/media?parent=11371"}],"wp:term":[{"taxonomy":"category","embeddable":true,"href":"https:\/\/conakrynews.org\/index.php\/wp-json\/wp\/v2\/categories?post=11371"},{"taxonomy":"post_tag","embeddable":true,"href":"https:\/\/conakrynews.org\/index.php\/wp-json\/wp\/v2\/tags?post=11371"}],"curies":[{"name":"wp","href":"https:\/\/api.w.org\/{rel}","templated":true}]}}