{"id":11387,"date":"2022-01-10T09:45:31","date_gmt":"2022-01-10T09:45:31","guid":{"rendered":"https:\/\/conakrynews.org\/?p=11387"},"modified":"2022-01-10T09:45:31","modified_gmt":"2022-01-10T09:45:31","slug":"guinee-transition-le-ministre-de-ladministration-du-territoire-mory-conde-rencontre-les-representants-de-la-societe-civile-du-pays","status":"publish","type":"post","link":"https:\/\/conakrynews.org\/index.php\/guinee-transition-le-ministre-de-ladministration-du-territoire-mory-conde-rencontre-les-representants-de-la-societe-civile-du-pays\/","title":{"rendered":"Guin\u00e9e\/Transition: Le ministre de l\u2019administration du territoire, Mory Cond\u00e9 rencontre les repr\u00e9sentants de la soci\u00e9t\u00e9 civile du pays"},"content":{"rendered":"<h1 class=\"name post-title entry-title\"><\/h1>\n<p class=\"post-meta\">\n<ol>\n<li class=\"clear\"><\/li>\n<\/ol>\n<div class=\"entry\">\n<p>Le ministre de l\u2019Administration du Territoire et de la D\u00e9centralisation, Mory Cond\u00e9, en compagnie de certains de ses cadres techniques a \u00e9chang\u00e9 ce vendredi 7 janvier 2022, avec des repr\u00e9sentants de plus de 60 organisations de la soci\u00e9t\u00e9 civile guin\u00e9enne sur plusieurs enjeux li\u00e9s \u00e0 la transition en cours dans le pays.<\/p>\n<p>Au cours des \u00e9changes de plusieurs heures, tous les invit\u00e9s se sont exprim\u00e9s pour encourager les nouvelles autorit\u00e9s \u00e0 poursuivre l\u2019\u00e9lan amorc\u00e9 depuis le 5 septembre dernier. Et au terme des d\u00e9bats, le ministre est revenu sur le but de ladite rencontre.<\/p>\n<p>\u00ab\u00a0Ce soir, le minist\u00e8re de l\u2019Administration du Territoire et de la D\u00e9centralisation \u00e9tait avec l\u2019ensemble des organisations de la soci\u00e9t\u00e9 guin\u00e9enne pour \u00e9changer autour des enjeux de la transition. L\u2019id\u00e9e pour nous ici, est de nous rapprocher davantage des citoyens notamment, les organisations de la soci\u00e9t\u00e9 civile guin\u00e9enne qui sont l\u2019\u00e9manation des couches d\u00e9favoris\u00e9es, des citoyens auxquels nous sommes engag\u00e9s \u00e0 diriger ce pays. J\u2019ai re\u00e7u un mandat du Premier ministre, chef du Gouvernement, Mohamed B\u00e9avogui d\u2019\u00e9changer avec eux sur les questions d\u2019int\u00e9r\u00eat national, notamment la question li\u00e9e \u00e0 la mise en place du CNT, au r\u00f4le des organisations de la soci\u00e9t\u00e9 civile pendant cette transition et \u00e9galement la question li\u00e9e \u00e0 la promotion de la citoyennet\u00e9 responsable dans notre pays\u00a0\u00bb.<\/p>\n<p>\u00ab\u00a0Concernant la question li\u00e9e au CNT, j\u2019ai expliqu\u00e9 le travail d\u2019arbitrage que nous sommes en train de faire avec l\u2019ensemble des membres du CNRD pour le choix des repr\u00e9sentants des diff\u00e9rentes entit\u00e9s. Je rappelle ici que sur 81 places du CNT d\u00e9finies dans la charte, nous avons re\u00e7u environ 706 candidatures. Donc, Il y a un travail d\u2019arbitrage qui est en cours et dans les jours \u00e0 venir, \u00e7a permettra \u00e0 Monsieur le Pr\u00e9sident de la R\u00e9publique, comme annonc\u00e9 dans son discours du nouvel an, la mise en place du CNT\u2026\u00a0\u00bb<\/p>\n<p>De son c\u00f4t\u00e9, Dr Alpha Abdoulaye Diallo, vice-pr\u00e9sident du Conseil national des organisations de la soci\u00e9t\u00e9 civile guin\u00e9enne (CNOSCG) a appr\u00e9ci\u00e9 cette \u2018\u2019belle\u2019\u2019 initiative du MATD.<\/p>\n<p>\u00ab\u00a0C\u2019est une premi\u00e8re rencontre et nous ne souhaitons pas que \u00e7a soit la derni\u00e8re. D\u00e9j\u00e0, c\u2019est un cadre parfait pour discuter par rapport \u00e0 l\u2019\u00e9volution de la transition. Le ministre a \u00e9cout\u00e9 tous les acteurs de la soci\u00e9t\u00e9 civile, nos cris de c\u0153ur mais aussi les pr\u00e9occupations du moment. Et je pense que les r\u00e9ponses aussi que nous avons \u00e9cout\u00e9 sont satisfaisantes. Nous avons prodigu\u00e9 de bons conseils par rapport \u00e0 la bonne marche de la transition, mais nous avons aussi formul\u00e9 des recommandations par rapport \u00e0 la revue mais aussi \u00e0 la facilit\u00e9 de l\u2019obtention des agr\u00e9ments (\u2026) Nous sentons que v\u00e9ritablement, la tutelle est pr\u00eate \u00e0 travailler et \u00e0 collaborer dans un partenariat v\u00e9ritablement \u00e9clair\u00e9, et par rapport aux pr\u00e9occupations qui concernent la soci\u00e9t\u00e9 civile\u00a0\u00bb.<\/p>\n<p>&nbsp;<\/p>\n<p><strong>Ibrahima Limbita Camara<\/strong><\/p>\n<\/div>\n","protected":false},"excerpt":{"rendered":"<p>Le ministre de l\u2019Administration du Territoire et de la D\u00e9centralisation, Mory Cond\u00e9, en compagnie de certains de ses cadres techniques a \u00e9chang\u00e9 ce vendredi 7 janvier 2022, avec des repr\u00e9sentants de plus de 60 organisations de la soci\u00e9t\u00e9 civile guin\u00e9enne sur plusieurs enjeux li\u00e9s \u00e0 la transition en cours dans le pays. Au cours des [&hellip;]<\/p>\n","protected":false},"author":2,"featured_media":11388,"comment_status":"closed","ping_status":"closed","sticky":false,"template":"","format":"standard","meta":{"footnotes":""},"categories":[57],"tags":[],"class_list":{"0":"post-11387","1":"post","2":"type-post","3":"status-publish","4":"format-standard","5":"has-post-thumbnail","7":"category-politique"},"_links":{"self":[{"href":"https:\/\/conakrynews.org\/index.php\/wp-json\/wp\/v2\/posts\/11387","targetHints":{"allow":["GET"]}}],"collection":[{"href":"https:\/\/conakrynews.org\/index.php\/wp-json\/wp\/v2\/posts"}],"about":[{"href":"https:\/\/conakrynews.org\/index.php\/wp-json\/wp\/v2\/types\/post"}],"author":[{"embeddable":true,"href":"https:\/\/conakrynews.org\/index.php\/wp-json\/wp\/v2\/users\/2"}],"replies":[{"embeddable":true,"href":"https:\/\/conakrynews.org\/index.php\/wp-json\/wp\/v2\/comments?post=11387"}],"version-history":[{"count":0,"href":"https:\/\/conakrynews.org\/index.php\/wp-json\/wp\/v2\/posts\/11387\/revisions"}],"wp:featuredmedia":[{"embeddable":true,"href":"https:\/\/conakrynews.org\/index.php\/wp-json\/wp\/v2\/media\/11388"}],"wp:attachment":[{"href":"https:\/\/conakrynews.org\/index.php\/wp-json\/wp\/v2\/media?parent=11387"}],"wp:term":[{"taxonomy":"category","embeddable":true,"href":"https:\/\/conakrynews.org\/index.php\/wp-json\/wp\/v2\/categories?post=11387"},{"taxonomy":"post_tag","embeddable":true,"href":"https:\/\/conakrynews.org\/index.php\/wp-json\/wp\/v2\/tags?post=11387"}],"curies":[{"name":"wp","href":"https:\/\/api.w.org\/{rel}","templated":true}]}}