{"id":11401,"date":"2022-01-12T18:41:44","date_gmt":"2022-01-12T18:41:44","guid":{"rendered":"https:\/\/conakrynews.org\/?p=11401"},"modified":"2022-01-12T18:41:44","modified_gmt":"2022-01-12T18:41:44","slug":"coup-detat-presume-au-burkina-faso-voici-ce-que-nous-savons","status":"publish","type":"post","link":"https:\/\/conakrynews.org\/index.php\/coup-detat-presume-au-burkina-faso-voici-ce-que-nous-savons\/","title":{"rendered":"Coup d\u2019\u00c9tat pr\u00e9sum\u00e9 au Burkina Faso : voici ce que nous savons"},"content":{"rendered":"<h1 class=\"name post-title entry-title\"><\/h1>\n<p class=\"post-meta\">\n<div class=\"clear\"><\/div>\n<div class=\"entry\">\n<div class=\"bbc-19j92fr e57qer20\" dir=\"ltr\">\n<p class=\"bbc-ph03xj e1cc2ql70\" dir=\"ltr\"><b>Les autorit\u00e9s du Burkina Faso ont annonc\u00e9 l\u2019arrestation lundi de huit soldats accus\u00e9s d\u2019avoir intent\u00e9 un coup d\u2019\u00c9tat.<\/b><\/p>\n<\/div>\n<div class=\"bbc-19j92fr e57qer20\" dir=\"ltr\">\n<p class=\"bbc-ph03xj e1cc2ql70\" dir=\"ltr\">Le Lieutenant-Colonel Emmanuel Zongrana est arr\u00eat\u00e9 avec sept autres personnes par la Gendarmerie nationale.<\/p>\n<\/div>\n<div class=\"bbc-19j92fr e57qer20\" dir=\"ltr\">\n<p class=\"bbc-ph03xj e1cc2ql70\" dir=\"ltr\">Selon le procureur militaire, ils projetaient de d\u00e9stabiliser les institutions de la R\u00e9publique et ont \u00e9t\u00e9 d\u00e9nonc\u00e9s par un membre de la bande.<\/p>\n<\/div>\n<div class=\"bbc-19j92fr e57qer20\" dir=\"ltr\">\n<p class=\"bbc-ph03xj e1cc2ql70\" dir=\"ltr\">Le minist\u00e8re de la justice a annonc\u00e9 mardi qu\u2019une enqu\u00eate est ouverte sur cette affaire.<\/p>\n<div class=\"bbc-19j92fr e57qer20\" dir=\"ltr\">\n<p class=\"bbc-ph03xj e1cc2ql70\" dir=\"ltr\">Avant la marche du 27 novembre qui avait connu l\u2019arrestation de certains leaders de la soci\u00e9t\u00e9 civile pour atteinte \u00e0 la suret\u00e9 de l\u2019Etat, les autorit\u00e9s avaient parl\u00e9 de transactions d\u2019argent de l\u2019ext\u00e9rieur avec une possible r\u00e9cup\u00e9ration militaire.<\/p>\n<\/div>\n<div class=\"bbc-19j92fr e57qer20\" dir=\"ltr\">\n<p class=\"bbc-ph03xj e1cc2ql70\" dir=\"ltr\">Mais \u00e0 ce stade, l\u2019enqu\u00eate n\u2019a pas encore \u00e9tabli de liens politiques dans cette affaire.<\/p>\n<\/div>\n<div class=\"bbc-19j92fr e57qer20\" dir=\"ltr\">\n<h2 id=\"Qui-est-le-LieutenantColonel-Emmanuel-Zongrana-\" class=\"bbc-1o7vlk5 e14hemmw0\">Qui est le Lieutenant-Colonel Emmanuel Zongrana ?<\/h2>\n<\/div>\n<div class=\"bbc-19j92fr e57qer20\" dir=\"ltr\">\n<p class=\"bbc-ph03xj e1cc2ql70\" dir=\"ltr\">Connu pour ses critiques envers le gouvernement sur la gestion de la question s\u00e9curitaire, Emmanuel Zongrana \u00e9tait l\u2019ancien commandant du 12e R\u00e9giment d\u2019Infanterie Commandos.<\/p>\n<\/div>\n<div class=\"bbc-19j92fr e57qer20\" dir=\"ltr\">\n<p class=\"bbc-ph03xj e1cc2ql70\" dir=\"ltr\">Il est relev\u00e9 de ce poste le 15 d\u00e9cembre dernier.<\/p>\n<\/div>\n<div class=\"bbc-19j92fr e57qer20\" dir=\"ltr\">\n<p class=\"bbc-ph03xj e1cc2ql70\" dir=\"ltr\">Ag\u00e9 de 41 ans, Emmanuel Zongrana est un officier form\u00e9 au Togo avant de suivre des instructions au Maroc et en France.<\/p>\n<\/div>\n<div class=\"bbc-19j92fr e57qer20\" dir=\"ltr\">\n<p class=\"bbc-ph03xj e1cc2ql70\" dir=\"ltr\">Il \u00e9tait \u00e9galement le commandant des groupements de s\u00e9curisation du secteur Ouest de Grand Nord.<\/p>\n<div class=\"bbc-19j92fr e57qer20\" dir=\"ltr\">\n<p class=\"bbc-ph03xj e1cc2ql70\" dir=\"ltr\">Les autorit\u00e9s burkinab\u00e9 redoutaient un coup d\u2019Etat avec la d\u00e9gradation de la situation s\u00e9curitaire.<\/p>\n<\/div>\n<div class=\"bbc-19j92fr e57qer20\" dir=\"ltr\">\n<p class=\"bbc-ph03xj e1cc2ql70\" dir=\"ltr\">En novembre dernier, le pr\u00e9sident Kabor\u00e9 avait d\u00e9clar\u00e9 lui-m\u00eame, dans un discours \u00e0 la nation, que la remise en cause des institutions d\u00e9mocratiques n\u2019\u00e9tait pas la solution dans cette lutte contre les groupes arm\u00e9s.<\/p>\n<div class=\"bbc-19j92fr e57qer20\" dir=\"ltr\">\n<p class=\"bbc-ph03xj e1cc2ql70\" dir=\"ltr\">Le dernier coup d\u2019\u00c9tat au Burkina Faso date d\u2019il y a sept ans, lorsqu\u2019une unit\u00e9 militaire controvers\u00e9e, fid\u00e8le au pr\u00e9sident d\u00e9chu et exil\u00e9, Blaise Compaor\u00e9, avait pris le pouvoir.<\/p>\n<\/div>\n<div class=\"bbc-19j92fr e57qer20\" dir=\"ltr\">\n<p class=\"bbc-ph03xj e1cc2ql70\" dir=\"ltr\">Le pr\u00e9sident Roch Marc Christian Kabor\u00e9 a apport\u00e9 des changements importants au sein du gouvernement le mois dernier, alors qu\u2019il \u00e9tait sous pression pour contrer les fr\u00e9quentes attaques de militants islamistes.<\/p>\n<\/div>\n<p dir=\"ltr\"><strong>Avec AFP<\/strong><\/p>\n<\/div>\n<\/div>\n<\/div>\n<\/div>\n","protected":false},"excerpt":{"rendered":"<p>Les autorit\u00e9s du Burkina Faso ont annonc\u00e9 l\u2019arrestation lundi de huit soldats accus\u00e9s d\u2019avoir intent\u00e9 un coup d\u2019\u00c9tat. Le Lieutenant-Colonel Emmanuel Zongrana est arr\u00eat\u00e9 avec sept autres personnes par la Gendarmerie nationale. Selon le procureur militaire, ils projetaient de d\u00e9stabiliser les institutions de la R\u00e9publique et ont \u00e9t\u00e9 d\u00e9nonc\u00e9s par un membre de la bande. [&hellip;]<\/p>\n","protected":false},"author":2,"featured_media":11402,"comment_status":"closed","ping_status":"closed","sticky":false,"template":"","format":"standard","meta":{"footnotes":""},"categories":[58],"tags":[],"class_list":{"0":"post-11401","1":"post","2":"type-post","3":"status-publish","4":"format-standard","5":"has-post-thumbnail","7":"category-societe"},"_links":{"self":[{"href":"https:\/\/conakrynews.org\/index.php\/wp-json\/wp\/v2\/posts\/11401","targetHints":{"allow":["GET"]}}],"collection":[{"href":"https:\/\/conakrynews.org\/index.php\/wp-json\/wp\/v2\/posts"}],"about":[{"href":"https:\/\/conakrynews.org\/index.php\/wp-json\/wp\/v2\/types\/post"}],"author":[{"embeddable":true,"href":"https:\/\/conakrynews.org\/index.php\/wp-json\/wp\/v2\/users\/2"}],"replies":[{"embeddable":true,"href":"https:\/\/conakrynews.org\/index.php\/wp-json\/wp\/v2\/comments?post=11401"}],"version-history":[{"count":0,"href":"https:\/\/conakrynews.org\/index.php\/wp-json\/wp\/v2\/posts\/11401\/revisions"}],"wp:featuredmedia":[{"embeddable":true,"href":"https:\/\/conakrynews.org\/index.php\/wp-json\/wp\/v2\/media\/11402"}],"wp:attachment":[{"href":"https:\/\/conakrynews.org\/index.php\/wp-json\/wp\/v2\/media?parent=11401"}],"wp:term":[{"taxonomy":"category","embeddable":true,"href":"https:\/\/conakrynews.org\/index.php\/wp-json\/wp\/v2\/categories?post=11401"},{"taxonomy":"post_tag","embeddable":true,"href":"https:\/\/conakrynews.org\/index.php\/wp-json\/wp\/v2\/tags?post=11401"}],"curies":[{"name":"wp","href":"https:\/\/api.w.org\/{rel}","templated":true}]}}