{"id":11419,"date":"2022-01-14T20:51:38","date_gmt":"2022-01-14T20:51:38","guid":{"rendered":"https:\/\/conakrynews.org\/?p=11419"},"modified":"2022-01-18T18:43:03","modified_gmt":"2022-01-18T18:43:03","slug":"mise-en-place-dun-bureau-unique-du-patronat-guineen-des-vrais-acteurs-exclus-par-des-manoeuvres-du-ministre-bernard-gomou","status":"publish","type":"post","link":"https:\/\/conakrynews.org\/index.php\/mise-en-place-dun-bureau-unique-du-patronat-guineen-des-vrais-acteurs-exclus-par-des-manoeuvres-du-ministre-bernard-gomou\/","title":{"rendered":"Mise en place d&rsquo;un bureau unique du patronat Guin\u00e9en : Des vrais\u00a0 acteurs exclus par des man\u0153uvres du Ministre Bernard Gomou?"},"content":{"rendered":"<div class=\"D_F ab_C A_6EqO P_Z1Ve0sQ\" data-test-id=\"message-card-header\">\n<div class=\"W_6D6F\" data-test-id=\"sender-container\">\n<div class=\"P_ZPjaFX C_Z1VRpVF A_6EGz i_6FIA\" data-test-id=\"date-area\"><\/div>\n<\/div>\n<\/div>\n<div class=\"U_6MGW\">\n<div data-test-id=\"message-view-body\">\n<div class=\"msg-body P_wpofO iy_A\" data-test-id=\"message-view-body-content\">\n<div class=\"jb_0 X_6Fd5 N_6Fd5\">\n<div data-test-id=\"message-body\">\n<div id=\"yiv2432398106\">\n<div>\n<div><\/div>\n<div><\/div>\n<div>A quoi joue, l&rsquo;actuel ministre du Commerce, de l&rsquo;industrie et des PME,Bernard Gomou?<\/div>\n<div><\/div>\n<div>Au moment o\u00f9 les acteurs des diff\u00e9rentes activit\u00e9s \u00e9conomiques du pays esp\u00e8rent \u00e0 une rupture, ainsi que la volont\u00e9 du pr\u00e9sident de la transition Colonel Mamadi Doumbouya a opt\u00e9 pour une d\u00e9marche rationnelle, ce ministre s&rsquo;inscrit dans le cadre d&rsquo;exclusion des vrais et honn\u00eates acteurs du secteur \u00e9conomique.<\/div>\n<div><\/div>\n<div>Suivez notre regard !<\/div>\n<div><\/div>\n<div><\/div>\n<div>Pour mettre en application la volont\u00e9 du Chef de l&rsquo;\u00c9tat, Colonel Mamadi Doumbouya,qui a demand\u00e9 l&rsquo;unification du patronat Guin\u00e9en,le ministre de l&rsquo;industrie,du Commerce et des investissements a\u00a0 convi\u00e9 ce jeudi,13 janvier 2021,dans les locaux de son\u00a0 minist\u00e8re les acteurs du secteur\u00a0 priv\u00e9 Guin\u00e9en et des membres du patronat pour la mise en place dans les jours \u00e0 venir\u00a0 un bureau unique \u00e0 la t\u00eate patronat Guin\u00e9en.<\/div>\n<div><\/div>\n<div><\/div>\n<div>Selon nos informations,cette volont\u00e9 des nouvelles autorit\u00e9s pourrait\u00a0 \u00eatre un \u00e9chec aujourd&rsquo;hui parce que\u00a0 les acteurs concern\u00e9s ne sont pas du tout\u00a0 d&rsquo;accord de certaines\u00a0 d\u00e9cisions prises par notre ministre de\u00a0 l&rsquo;industrie.<\/div>\n<div><\/div>\n<div>La m\u00eame source r\u00e9v\u00e8le que la r\u00e9union du jeudi, s&rsquo;est sold\u00e9e par des m\u00e9contentements entre des membres du patronat Guin\u00e9en. De m\u00eame, la chambre des industriels s&rsquo;est d\u00e9solidaris\u00e9e de la CPEG,cela\u00a0 a d&rsquo;ailleurs\u00a0 provoqu\u00e9 la col\u00e8re noire\u00a0 du vice-pr\u00e9sident de cette organisation patronale,selon une autre source.<\/div>\n<div><\/div>\n<div>A en croire notre informateur, des membres du patronat Guin\u00e9en doutent sur la transparence de l&rsquo;actuel ministre de l&rsquo;industrie, du commerce et des investissements, Bernard Gomou, dans la gestion de cette affaire d&rsquo;unification et la pr\u00e9sidence tournante du patronat Guin\u00e9en.<\/div>\n<\/div>\n<div><\/div>\n<div>\n<div><span style=\"font-family: Helvetica Neue, Helvetica, Arial, sans-serif\">\u2039\u2039\u00a0 Ce n\u00a0\u00bbest pas lui qui doit designer des gens qui doivent\u00a0 d\u00e9sormais diriger\u00a0 notre patronat\u203a\u203a, a\u00a0 fait savoir cet op\u00e9rateur \u00e9conomique.<\/span><\/div>\n<div><\/div>\n<div><span style=\"font-family: Helvetica Neue, Helvetica, Arial, sans-serif\">Et ce qui est plus marrant d&rsquo;ailleurs,c&rsquo;est quand le ministre Gomou nous a dit::\u2039\u2039 ceux qui n&rsquo;accepteront pas les choix vont partir au camp\u203a\u203a, a d\u00e9clar\u00e9 un membre du patronat pr\u00e9sent \u00e0 la r\u00e9union du ministre Gomou.<\/span><\/div>\n<div><span style=\"font-family: Helvetica Neue, Helvetica, Arial, sans-serif\">\u00a0<\/span><\/div>\n<div><span style=\"font-family: Helvetica Neue, Helvetica, Arial, sans-serif\">Avec ce qui se dessine d\u00e9j\u00e0 lors des diff\u00e9rentes r\u00e9unions sur la question de representativit\u00e9\u00a0 du patronat de Guin\u00e9e,d&rsquo;autres acteurs influents du secteur priv\u00e9 Guin\u00e9en crient \u00e0 l&rsquo;exclusion,ce qui est contraire \u00e0 la volont\u00e9 exprim\u00e9e par le\u00a0 \u00a0Chef de l&rsquo;\u00c9tat, Colonel Mamadi, qui avait d\u00e9clar\u00e9 le 5 Septembre dernier\u00a0 qu&rsquo;aucun Guin\u00e9en ne sera exclu dans les prises de d\u00e9cisions concernant la vie de la nation.<\/span><\/div>\n<div><span style=\"font-family: Helvetica Neue, Helvetica, Arial, sans-serif\">\u00a0<\/span><\/div>\n<div><span style=\"font-family: Helvetica Neue, Helvetica, Arial, sans-serif\">Vivement, il faut r\u00e9cadrer ce ministre qui c\u00e8de aux sir\u00e8nes ptartisanes.\u00a0<\/span><\/div>\n<div><span style=\"font-family: Helvetica Neue, Helvetica, Arial, sans-serif\">Nous y reviendrons !\u00a0<\/span><\/div>\n<div><span style=\"font-family: Helvetica Neue, Helvetica, Arial, sans-serif\">\u00a0<\/span><\/div>\n<div><span style=\"font-family: Helvetica Neue, Helvetica, Arial, sans-serif\">\u00a0<\/span><\/div>\n<div><span style=\"font-family: Helvetica Neue, Helvetica, Arial, sans-serif\">Sylla Ibrahima Kalil, pour\u00a0<a href=\"https:\/\/conakrynews.org\/\" target=\"_blank\" rel=\"nofollow noopener noreferrer\">www.conakrynews.org<\/a>\u00a0625444534<\/span><\/div>\n<\/div>\n<\/div>\n<\/div>\n<\/div>\n<\/div>\n<\/div>\n<\/div>\n","protected":false},"excerpt":{"rendered":"<p>A quoi joue, l&rsquo;actuel ministre du Commerce, de l&rsquo;industrie et des PME,Bernard Gomou? Au moment o\u00f9 les acteurs des diff\u00e9rentes activit\u00e9s \u00e9conomiques du pays esp\u00e8rent \u00e0 une rupture, ainsi que la volont\u00e9 du pr\u00e9sident de la transition Colonel Mamadi Doumbouya a opt\u00e9 pour une d\u00e9marche rationnelle, ce ministre s&rsquo;inscrit dans le cadre d&rsquo;exclusion des vrais [&hellip;]<\/p>\n","protected":false},"author":2,"featured_media":11420,"comment_status":"closed","ping_status":"closed","sticky":false,"template":"","format":"standard","meta":{"footnotes":""},"categories":[58],"tags":[],"class_list":{"0":"post-11419","1":"post","2":"type-post","3":"status-publish","4":"format-standard","5":"has-post-thumbnail","7":"category-societe"},"_links":{"self":[{"href":"https:\/\/conakrynews.org\/index.php\/wp-json\/wp\/v2\/posts\/11419","targetHints":{"allow":["GET"]}}],"collection":[{"href":"https:\/\/conakrynews.org\/index.php\/wp-json\/wp\/v2\/posts"}],"about":[{"href":"https:\/\/conakrynews.org\/index.php\/wp-json\/wp\/v2\/types\/post"}],"author":[{"embeddable":true,"href":"https:\/\/conakrynews.org\/index.php\/wp-json\/wp\/v2\/users\/2"}],"replies":[{"embeddable":true,"href":"https:\/\/conakrynews.org\/index.php\/wp-json\/wp\/v2\/comments?post=11419"}],"version-history":[{"count":0,"href":"https:\/\/conakrynews.org\/index.php\/wp-json\/wp\/v2\/posts\/11419\/revisions"}],"wp:featuredmedia":[{"embeddable":true,"href":"https:\/\/conakrynews.org\/index.php\/wp-json\/wp\/v2\/media\/11420"}],"wp:attachment":[{"href":"https:\/\/conakrynews.org\/index.php\/wp-json\/wp\/v2\/media?parent=11419"}],"wp:term":[{"taxonomy":"category","embeddable":true,"href":"https:\/\/conakrynews.org\/index.php\/wp-json\/wp\/v2\/categories?post=11419"},{"taxonomy":"post_tag","embeddable":true,"href":"https:\/\/conakrynews.org\/index.php\/wp-json\/wp\/v2\/tags?post=11419"}],"curies":[{"name":"wp","href":"https:\/\/api.w.org\/{rel}","templated":true}]}}