{"id":11434,"date":"2022-01-16T18:17:17","date_gmt":"2022-01-16T18:17:17","guid":{"rendered":"https:\/\/conakrynews.org\/?p=11434"},"modified":"2022-01-16T18:17:17","modified_gmt":"2022-01-16T18:17:17","slug":"lansana-kouyate-aux-membres-de-la-coalition-des-partis-politiques-cpp-tout-ce-qui-se-fait-autour-de-lego-est-destructeur","status":"publish","type":"post","link":"https:\/\/conakrynews.org\/index.php\/lansana-kouyate-aux-membres-de-la-coalition-des-partis-politiques-cpp-tout-ce-qui-se-fait-autour-de-lego-est-destructeur\/","title":{"rendered":"Lansana Kouyat\u00e9 aux membres de la Coalition des partis politiques (CPP) \u2039\u2039Tout ce qui se fait autour de l&rsquo;\u00e9go est destructeur \u203a\u203a"},"content":{"rendered":"<div dir=\"auto\"><img loading=\"lazy\" decoding=\"async\" class=\"alignright size-medium wp-image-11436\" src=\"https:\/\/conakrynews.org\/wp-content\/uploads\/2022\/01\/IMG-20220116-WA0001-515x290.jpg\" alt=\"\" width=\"515\" height=\"290\" srcset=\"https:\/\/conakrynews.org\/wp-content\/uploads\/2022\/01\/IMG-20220116-WA0001-515x290.jpg 515w, https:\/\/conakrynews.org\/wp-content\/uploads\/2022\/01\/IMG-20220116-WA0001-768x432.jpg 768w, https:\/\/conakrynews.org\/wp-content\/uploads\/2022\/01\/IMG-20220116-WA0001.jpg 1032w\" sizes=\"auto, (max-width: 515px) 100vw, 515px\" \/><\/div>\n<div dir=\"auto\"><\/div>\n<div dir=\"auto\">Le Parti de l&rsquo;Espoir pour le D\u00e9veloppement National (PEDN) sous la pr\u00e9sidence de son leader El hadj Lansana Kouyat\u00e9,a tenu son Assembl\u00e9e G\u00e9n\u00e9rale ce samedi, 15 janvier 2022, \u00e0 son si\u00e8ge \u00e0 Taouyah, dans la commune de Ratoma.Cette rencontre \u00e9tait\u00a0 une occasion pour le parti de proc\u00e9der \u00e0 l&rsquo;\u00e9ducation politique de ses militants afin de leur motiver au travail.<\/div>\n<div dir=\"auto\"><\/div>\n<div dir=\"auto\">A l&rsquo;entame de son adresse, l&rsquo;ancien premier ministre a livr\u00e9 un message d&rsquo;espoir \u00e0 ses militants.\u2039\u2039 J&rsquo;ai retard\u00e9 parce que nous \u00e9tions en r\u00e9union avec le chef de l&rsquo;\u00c9tat. J&rsquo;ai \u00e9t\u00e9 honor\u00e9, ils m&rsquo;ont dit de me lever et de parler. Puis que, je n&rsquo;\u00e9tais pas pr\u00eat \u00e0 parler mais l&rsquo;on est venu me dire qu&rsquo;il faut. Je dis mais, je ne suis pas le porte parole du FNDC politique. Ils m&rsquo;ont dit que c&rsquo;est vous qui allez parler aujourd&rsquo;hui. Si je parle, je serai bref. C&rsquo;est ainsi que j&rsquo;ai dit ici, on ne pas r\u00e9soudre ce qu&rsquo;il y a comme suspicion des questionnements qu&rsquo;on se pose des uns et des autres mais, on peut tous reconna\u00eetre en quatre mois les actes pos\u00e9s symboliquement sont \u00e0 saluer. Maintenant, c&rsquo;est un jour de voeux je le pr\u00e9sente. Cela veut dire que ceux qui doutaient que des partis politiques ont \u00e9t\u00e9 marginalis\u00e9s ont la r\u00e9ponse aujourd&rsquo;hui parce que c&rsquo;est le commencement d&rsquo;entretiens&gt;&gt; a martel\u00e9 le pr\u00e9sident du PEDN<\/div>\n<div dir=\"auto\"><\/div>\n<div dir=\"auto\">Abordant l&rsquo;autre question \u00e9pineuse, concernant l&rsquo;adh\u00e9sion du PEDN \u00e0 la Coalition des Partis politiques CPP, il a pr\u00e9cis\u00e9\u00a0 \u00e0 ses militants que c\u2019est lui-m\u00eame qui a pris la d\u00e9cision de ne pas participer \u00e0 cette plateforme, parce qu\u2019il savait d\u00e8s au d\u00e9part que l\u2019initiative n\u2019allait pas aboutir.<\/div>\n<div dir=\"auto\">\n<div dir=\"auto\"><\/div>\n<div dir=\"auto\">\u00a0\u2039\u2039 Quand j\u2019\u00e9tais \u00e0 l\u2019ext\u00e9rieur, on m\u2019a parl\u00e9 de la cr\u00e9ation du CPP. J\u2019ai appel\u00e9 mes collaborateurs, je leur ai dit personne n\u2019y va. Ce n\u2019est pas par ostracisme, c\u2019est parce que je savais ce par quoi \u00e7a allait finir. Mon devoir, c\u2019est de vous (ses militants, ndlr) \u00e9clairer aussi et vous suivre quand il faut vous suivre. On ne peut pas croire en une chose et faire le contraire. Je leur ai dit que \u00e7a se fait autour de l\u2019\u00e9go et tout ce qui se fait autour de l\u2019\u00e9go est destructeur\u00bb, a conclu le pr\u00e9sident du PEDN.<\/div>\n<div dir=\"auto\"><\/div>\n<div dir=\"auto\">Oumar Konat\u00e9, pour\u00a0<a href=\"https:\/\/conakrynews.org\/\" target=\"_blank\" rel=\"noopener noreferrer\" data-saferedirecturl=\"https:\/\/www.google.com\/url?q=https:\/\/conakrynews.org&amp;source=gmail&amp;ust=1642443114445000&amp;usg=AOvVaw3RLMbEBk2aC1jbr1uR4f9c\">www.conakrynews.org<\/a>625444534<\/div>\n<\/div>\n","protected":false},"excerpt":{"rendered":"<p>Le Parti de l&rsquo;Espoir pour le D\u00e9veloppement National (PEDN) sous la pr\u00e9sidence de son leader El hadj Lansana Kouyat\u00e9,a tenu son Assembl\u00e9e G\u00e9n\u00e9rale ce samedi, 15 janvier 2022, \u00e0 son si\u00e8ge \u00e0 Taouyah, dans la commune de Ratoma.Cette rencontre \u00e9tait\u00a0 une occasion pour le parti de proc\u00e9der \u00e0 l&rsquo;\u00e9ducation politique de ses militants afin de [&hellip;]<\/p>\n","protected":false},"author":2,"featured_media":11435,"comment_status":"closed","ping_status":"closed","sticky":false,"template":"","format":"standard","meta":{"footnotes":""},"categories":[57],"tags":[],"class_list":{"0":"post-11434","1":"post","2":"type-post","3":"status-publish","4":"format-standard","5":"has-post-thumbnail","7":"category-politique"},"_links":{"self":[{"href":"https:\/\/conakrynews.org\/index.php\/wp-json\/wp\/v2\/posts\/11434","targetHints":{"allow":["GET"]}}],"collection":[{"href":"https:\/\/conakrynews.org\/index.php\/wp-json\/wp\/v2\/posts"}],"about":[{"href":"https:\/\/conakrynews.org\/index.php\/wp-json\/wp\/v2\/types\/post"}],"author":[{"embeddable":true,"href":"https:\/\/conakrynews.org\/index.php\/wp-json\/wp\/v2\/users\/2"}],"replies":[{"embeddable":true,"href":"https:\/\/conakrynews.org\/index.php\/wp-json\/wp\/v2\/comments?post=11434"}],"version-history":[{"count":0,"href":"https:\/\/conakrynews.org\/index.php\/wp-json\/wp\/v2\/posts\/11434\/revisions"}],"wp:featuredmedia":[{"embeddable":true,"href":"https:\/\/conakrynews.org\/index.php\/wp-json\/wp\/v2\/media\/11435"}],"wp:attachment":[{"href":"https:\/\/conakrynews.org\/index.php\/wp-json\/wp\/v2\/media?parent=11434"}],"wp:term":[{"taxonomy":"category","embeddable":true,"href":"https:\/\/conakrynews.org\/index.php\/wp-json\/wp\/v2\/categories?post=11434"},{"taxonomy":"post_tag","embeddable":true,"href":"https:\/\/conakrynews.org\/index.php\/wp-json\/wp\/v2\/tags?post=11434"}],"curies":[{"name":"wp","href":"https:\/\/api.w.org\/{rel}","templated":true}]}}