{"id":1165,"date":"2017-03-31T09:06:37","date_gmt":"2017-03-31T07:06:37","guid":{"rendered":"https:\/\/conakrynews.org\/?p=1165"},"modified":"2020-03-26T17:49:08","modified_gmt":"2020-03-26T16:49:08","slug":"le-president-sekou-toure-a-t-il-ete-inhume-a-conakry-voici-les-revelations","status":"publish","type":"post","link":"https:\/\/conakrynews.org\/index.php\/le-president-sekou-toure-a-t-il-ete-inhume-a-conakry-voici-les-revelations\/","title":{"rendered":"Le Pr\u00e9sident S\u00e9kou Tour\u00e9 a-t-il \u00e9t\u00e9 inhum\u00e9 \u00e0 Conakry: Voici les r\u00e9v\u00e9lations"},"content":{"rendered":"<p>\u00abJe suis l\u2019un des seuls pour ne pas dire le seul vivant qui peut t\u00e9moigner aujourd\u2019hui que le corps du pr\u00e9sident ahmed s\u00e9kou tour\u00e9 est ici. s\u2019il n\u2019\u00e9tait pas l\u00e0, je ne serais pas l\u00e0\u00bb. \u00able pr\u00e9sident ahmed s\u00e9kou tour\u00e9 a-t-il \u00e9t\u00e9 inhum\u00e9 \u00e0 conakry\u00bb, cette \u2018\u2019confusion\u2019\u2019 qui d\u00e9fie le temps depuis plus de trois d\u00e9cennies, a \u00e9t\u00e9 lev\u00e9e par madifing dian\u00e9, l\u2019ancien ministre de la s\u00e9curit\u00e9 et de la protection civile. c\u2019\u00e9tait le 26 mars \u00e0 la faveur de la derni\u00e8re comm\u00e9moration de la mort du p\u00e8re de l\u2019ind\u00e9pendance guin\u00e9enne \u00e0 conakry. sur le mausol\u00e9e du pr\u00e9sident ahmed s\u00e9kou tour\u00e9, sis dans l\u2019enceinte de la grande mosqu\u00e9e fay\u00e7al, l\u2019ancien directeur des services de renseignement du r\u00e9gime s\u00e9kou tour\u00e9, madifing dian\u00e9 est cat\u00e9gorique: \u00abje suis l\u2019un des seuls pour ne pas dire le seul vivant qui peut t\u00e9moigner aujourd\u2019hui que le corps du pr\u00e9sident ahmed s\u00e9kou tour\u00e9 est ici. s\u2019il n\u2019\u00e9tait pas l\u00e0, je ne serais pas l\u00e0\u00bb. poursuivant, l\u2019ancien homme de l\u2019ombre se veut formel: \u00abje suis de ceux qui ont particip\u00e9 au lavage du corps du pr\u00e9sident ahmed s\u00e9kou tour\u00e9. je suis celui qui a amen\u00e9 le cercueil\u2026 aid\u00e9 \u00e0 sortir le corps du cercueil, le mettre dans le linceul puis l\u2019y replacer. je suis du nombre de ceux qui l\u2019ont port\u00e9 son cercueil sur l\u2019\u00e9paule, de l\u2019int\u00e9rieur de la grande mosqu\u00e9e jusqu\u2019au mausol\u00e9e o\u00f9 feu, le pr\u00e9sident s\u00e9kou tour\u00e9 repose aujourd\u2019hui.\u00bb comment la confusion est-elle arriv\u00e9e et depuis, continue de prosp\u00e9rer? sur la question madifing dian\u00e9 explique : \u00abla confusion est venue du seul fait qu\u2019un camarde de l\u2019\u00e9poque, bien s\u00fbr, un ain\u00e9 \u00e0 moi et qui s\u2019appelle nabika diallo,\u2026 le jour de la mort du pr\u00e9sident ahmed s\u00e9kou tour\u00e9, il \u00e9tait ambassadeur de guin\u00e9e en arabie saoudite. le vendredi 30 mars 1984, jour de la pri\u00e8re sur le corps du pr\u00e9sident, le camarade nabika diallo, qui est actuellement \u00e0 conakry, \u00e9tait \u00e0 la kaaba. le grand imam de la mosqu\u00e9e kaaba, a inform\u00e9 les fid\u00e8les musulmans qu\u2019ils auront \u00e0 pri\u00e9 sur le corps d\u2019un grand homme de l\u2019afrique de l\u2019ouest. puis il ajoute : \u2018\u2019je vous invite \u00e0 prier avec moi pour le repos de son corps\u2019\u2019. c\u2019est ce message qui est arriv\u00e9 par t\u00e9lex \u00e0 conakry le 1er avril 1984 et cette copie y est rest\u00e9e. le 3 avril 1984, c\u2019\u00e9tait le coup d\u2019etat et 7 jours apr\u00e8s, le travail a commenc\u00e9. les fonctionnaires de la t\u00e9l\u00e9communication qui ont vu la copie de ce message alors que le grand imam de la kaaba a pri\u00e9 par intention sur le corps du pr\u00e9sident ahmed s\u00e9kou tour\u00e9, ont d\u00e9form\u00e9 l\u2019information pour dire qu\u2019on a pri\u00e9 sur le corps du pr\u00e9sident \u00e0 la kaaba\u2026 bref, je confirme, le corps est eici, \u00e0 conakry:<\/p>\n","protected":false},"excerpt":{"rendered":"<p>\u00abJe suis l\u2019un des seuls pour ne pas dire le seul vivant qui peut t\u00e9moigner aujourd\u2019hui que le corps du pr\u00e9sident ahmed s\u00e9kou tour\u00e9 est ici. s\u2019il n\u2019\u00e9tait pas l\u00e0, je ne serais pas l\u00e0\u00bb. \u00able pr\u00e9sident ahmed s\u00e9kou tour\u00e9 a-t-il \u00e9t\u00e9 inhum\u00e9 \u00e0 conakry\u00bb, cette \u2018\u2019confusion\u2019\u2019 qui d\u00e9fie le temps depuis plus de trois [&hellip;]<\/p>\n","protected":false},"author":2,"featured_media":1167,"comment_status":"open","ping_status":"open","sticky":false,"template":"","format":"standard","meta":{"footnotes":""},"categories":[57],"tags":[],"class_list":{"0":"post-1165","1":"post","2":"type-post","3":"status-publish","4":"format-standard","5":"has-post-thumbnail","7":"category-politique"},"_links":{"self":[{"href":"https:\/\/conakrynews.org\/index.php\/wp-json\/wp\/v2\/posts\/1165","targetHints":{"allow":["GET"]}}],"collection":[{"href":"https:\/\/conakrynews.org\/index.php\/wp-json\/wp\/v2\/posts"}],"about":[{"href":"https:\/\/conakrynews.org\/index.php\/wp-json\/wp\/v2\/types\/post"}],"author":[{"embeddable":true,"href":"https:\/\/conakrynews.org\/index.php\/wp-json\/wp\/v2\/users\/2"}],"replies":[{"embeddable":true,"href":"https:\/\/conakrynews.org\/index.php\/wp-json\/wp\/v2\/comments?post=1165"}],"version-history":[{"count":0,"href":"https:\/\/conakrynews.org\/index.php\/wp-json\/wp\/v2\/posts\/1165\/revisions"}],"wp:featuredmedia":[{"embeddable":true,"href":"https:\/\/conakrynews.org\/index.php\/wp-json\/wp\/v2\/media\/1167"}],"wp:attachment":[{"href":"https:\/\/conakrynews.org\/index.php\/wp-json\/wp\/v2\/media?parent=1165"}],"wp:term":[{"taxonomy":"category","embeddable":true,"href":"https:\/\/conakrynews.org\/index.php\/wp-json\/wp\/v2\/categories?post=1165"},{"taxonomy":"post_tag","embeddable":true,"href":"https:\/\/conakrynews.org\/index.php\/wp-json\/wp\/v2\/tags?post=1165"}],"curies":[{"name":"wp","href":"https:\/\/api.w.org\/{rel}","templated":true}]}}