{"id":11727,"date":"2022-02-12T05:10:00","date_gmt":"2022-02-12T05:10:00","guid":{"rendered":"https:\/\/conakrynews.org\/?p=11727"},"modified":"2022-02-12T08:18:21","modified_gmt":"2022-02-12T08:18:21","slug":"unification-du-patronat-guineen-le-president-el-hadj-mohamed-habib-hann-recommande-dabord-lauto-dissolution-des-differents-patronat","status":"publish","type":"post","link":"https:\/\/conakrynews.org\/index.php\/unification-du-patronat-guineen-le-president-el-hadj-mohamed-habib-hann-recommande-dabord-lauto-dissolution-des-differents-patronat\/","title":{"rendered":"Unification du Patronat Guin\u00e9en :Le pr\u00e9sident El hadj Mohamed Habib hann recommande d&rsquo;abord l&rsquo;auto-dissolution des diff\u00e9rents Patronats."},"content":{"rendered":"<div class=\"mail-message-header spacer\"><img loading=\"lazy\" decoding=\"async\" class=\"alignright size-medium wp-image-11734\" src=\"https:\/\/conakrynews.org\/wp-content\/uploads\/2022\/02\/IMG-20220211-WA0006-515x289.jpg\" alt=\"\" width=\"515\" height=\"289\" srcset=\"https:\/\/conakrynews.org\/wp-content\/uploads\/2022\/02\/IMG-20220211-WA0006-515x289.jpg 515w, https:\/\/conakrynews.org\/wp-content\/uploads\/2022\/02\/IMG-20220211-WA0006-768x432.jpg 768w, https:\/\/conakrynews.org\/wp-content\/uploads\/2022\/02\/IMG-20220211-WA0006.jpg 1080w\" sizes=\"auto, (max-width: 515px) 100vw, 515px\" \/><img loading=\"lazy\" decoding=\"async\" class=\"alignright size-medium wp-image-11735\" src=\"https:\/\/conakrynews.org\/wp-content\/uploads\/2022\/02\/IMG_20220211_155202_6-515x290.jpg\" alt=\"\" width=\"515\" height=\"290\" srcset=\"https:\/\/conakrynews.org\/wp-content\/uploads\/2022\/02\/IMG_20220211_155202_6-515x290.jpg 515w, https:\/\/conakrynews.org\/wp-content\/uploads\/2022\/02\/IMG_20220211_155202_6-768x432.jpg 768w, https:\/\/conakrynews.org\/wp-content\/uploads\/2022\/02\/IMG_20220211_155202_6-1536x864.jpg 1536w, https:\/\/conakrynews.org\/wp-content\/uploads\/2022\/02\/IMG_20220211_155202_6-2048x1152.jpg 2048w\" sizes=\"auto, (max-width: 515px) 100vw, 515px\" \/><img loading=\"lazy\" decoding=\"async\" class=\"alignright size-medium wp-image-11732\" src=\"https:\/\/conakrynews.org\/wp-content\/uploads\/2022\/02\/IMG_20220211_180813_4-515x290.jpg\" alt=\"\" width=\"515\" height=\"290\" srcset=\"https:\/\/conakrynews.org\/wp-content\/uploads\/2022\/02\/IMG_20220211_180813_4-515x290.jpg 515w, https:\/\/conakrynews.org\/wp-content\/uploads\/2022\/02\/IMG_20220211_180813_4-768x432.jpg 768w, https:\/\/conakrynews.org\/wp-content\/uploads\/2022\/02\/IMG_20220211_180813_4-1536x864.jpg 1536w, https:\/\/conakrynews.org\/wp-content\/uploads\/2022\/02\/IMG_20220211_180813_4-2048x1152.jpg 2048w\" sizes=\"auto, (max-width: 515px) 100vw, 515px\" \/><\/div>\n<div class=\"mail-message-content collapsible zoom-normal mail-show-images \">\n<div class=\"clear\">\n<div dir=\"auto\">\n<div dir=\"auto\"><\/div>\n<div dir=\"auto\"><\/div>\n<div dir=\"auto\"><\/div>\n<div dir=\"auto\"><\/div>\n<div dir=\"auto\"><\/div>\n<div dir=\"auto\"><\/div>\n<div dir=\"auto\"><\/div>\n<div dir=\"auto\"><\/div>\n<div dir=\"auto\"><\/div>\n<div dir=\"auto\"><\/div>\n<div dir=\"auto\">Le\u00a0 \u00a0bureau\u00a0 ex\u00e9cutif du Conseil National du Patronat Guin\u00e9en(CNP-Guin\u00e9e)\u00a0 \u00e9largi\u00a0 \u00a0au comit\u00e9 statutaire et au comit\u00e9 des\u00a0 finances\u00a0 \u00e9tait\u00a0 r\u00e9uni en Assembl\u00e9e g\u00e9n\u00e9rale ce vendredi,11 janvier 2021 au si\u00e8ge dudit Patronat\u00a0 \u00a0pour examiner\u00a0 la situation du projet de mise\u00a0 en place du nouveau patronat, voir comment proc\u00e9der \u00e0 l&rsquo;unification du patronat\u00a0 et ensuite de discuter \u00e9ventuellement sur\u00a0 l&rsquo;ensemble des activit\u00e9s du CNP-Guin\u00e9e.Cette Assembl\u00e9e g\u00e9n\u00e9rale a connu la participation des repr\u00e9sentants des diff\u00e9rentes f\u00e9d\u00e9rations patronales et des membres\u00a0 \u00a0du bureau ex\u00e9cutif du CNP-Guin\u00e9e.<\/div>\n<div dir=\"auto\"><\/div>\n<div dir=\"auto\"><\/div>\n<div dir=\"auto\"><\/div>\n<div dir=\"auto\"><\/div>\n<div dir=\"auto\"><\/div>\n<div dir=\"auto\"><\/div>\n<div dir=\"auto\"><\/div>\n<div dir=\"auto\"><\/div>\n<div dir=\"auto\"><\/div>\n<div dir=\"auto\"><\/div>\n<div dir=\"auto\"><\/div>\n<div dir=\"auto\"><\/div>\n<div dir=\"auto\"><\/div>\n<div dir=\"auto\"><\/div>\n<div dir=\"auto\">Au terme de leur rencontre, le\u00a0 pr\u00e9sident du Conseil National du Patronat Guin\u00e9en(CNP-Guin\u00e9e),El hadj Mohamed Habib hann, a\u00a0 expliqu\u00e9 l&rsquo;objectif de la tenue de cette Assembl\u00e9e g\u00e9n\u00e9rale.\u2039\u2039Nous\u00a0 avons\u00a0 decid\u00e9s\u00a0 \u00a0de tenir cette Assembl\u00e9e g\u00e9n\u00e9rale aujourd&rsquo;hui\u00a0 pour r\u00e9pondre positivement \u00e0 l&rsquo;appel de son excellence monsieur le pr\u00e9sident de la R\u00e9publique et donner nos avis et recommandations pour qu&rsquo;il ait une participation effective au processus de mise en place du nouveau patronat\u203a\u203a, a d\u00e9clar\u00e9 le pr\u00e9sident du Conseil National du Patronat Guin\u00e9en,El hadj Mohamed Habib hann.<\/div>\n<div dir=\"auto\"><\/div>\n<div dir=\"auto\"><\/div>\n<div dir=\"auto\"><\/div>\n<div dir=\"auto\"><\/div>\n<div dir=\"auto\"><\/div>\n<div dir=\"auto\"><\/div>\n<div dir=\"auto\"><\/div>\n<div dir=\"auto\">\u2039\u2039Aujourd&rsquo;hui, ce n&rsquo;est pas simplement une fusion des patronats, l&rsquo;id\u00e9e finale c&rsquo;est d&rsquo;arriver \u00e0 une auto-dissolution. C&rsquo;est la premi\u00e8re recommandations que nous allons faire aux autorit\u00e9s.Tous les quatre patronats existants doivent tenir des assembl\u00e9es g\u00e9n\u00e9rales extraordinaires\u00a0 pour d\u00e9cider l&rsquo;auto-dissolution des patronats existants au profit du patronat unique qui doit \u00eatre mise en place conform\u00e9ment aux recommendations du chef de l&rsquo;\u00c9tat\u203a\u203a, a affirm\u00e9 le pr\u00e9sident El\u00a0 hadj Mohamed Habib hann.<\/div>\n<div dir=\"auto\"><\/div>\n<div dir=\"auto\"><\/div>\n<div dir=\"auto\"><\/div>\n<div dir=\"auto\"><\/div>\n<div dir=\"auto\"><\/div>\n<div dir=\"auto\"><\/div>\n<div dir=\"auto\"><\/div>\n<div dir=\"auto\"><\/div>\n<div dir=\"auto\"><\/div>\n<div dir=\"auto\"><\/div>\n<div dir=\"auto\"><\/div>\n<div dir=\"auto\"><\/div>\n<div dir=\"auto\"><\/div>\n<div dir=\"auto\"><\/div>\n<div dir=\"auto\"><\/div>\n<div dir=\"auto\"><\/div>\n<div dir=\"auto\"><\/div>\n<div dir=\"auto\"><\/div>\n<div dir=\"auto\"><\/div>\n<div dir=\"auto\">Avant\u00a0 d&rsquo;ajouter :\u2039\u2039Deuxi\u00e8mement, il faudrait absolument une commission technique sous l&rsquo;\u00e9gide du minist\u00e8re du commerce qui \u00e0 \u00e9t\u00e9 d\u00e9sign\u00e9 avec le minist\u00e8re du travail pour amener tous les acteurs \u00e0 participer activement \u00e0 ce comit\u00e9 technique pour d\u00e9terminer les conditions de mise en place du nouveau patronat notamment la mise \u00e0 jour o\u00f9 la mise en place d&rsquo;un\u00a0 nouveau statut, d&rsquo;un\u00a0 nouveau r\u00e8glements int\u00e9rieurs, des chartes concernant les acteurs int\u00e9ress\u00e9s \u00e0\u00a0 des postes de responsabilit\u00e9 afin qu&rsquo;il ait soit un congr\u00e8s \u00e9lectif pour l&rsquo;\u00e9lection d&rsquo;un nouveau bureau du Patronat\u203a\u203a, a -t-il ajout\u00e9.<\/div>\n<div dir=\"auto\"><\/div>\n<div dir=\"auto\"><\/div>\n<div dir=\"auto\"><\/div>\n<div dir=\"auto\"><\/div>\n<div dir=\"auto\"><\/div>\n<div dir=\"auto\"><\/div>\n<div dir=\"auto\"><\/div>\n<div dir=\"auto\"><\/div>\n<div dir=\"auto\"><\/div>\n<div dir=\"auto\"><\/div>\n<div dir=\"auto\"><\/div>\n<div dir=\"auto\"><\/div>\n<div dir=\"auto\"><\/div>\n<div dir=\"auto\"><\/div>\n<div dir=\"auto\"><\/div>\n<div dir=\"auto\"><\/div>\n<div dir=\"auto\"><\/div>\n<div dir=\"auto\"><\/div>\n<div dir=\"auto\"><\/div>\n<div dir=\"auto\"><\/div>\n<div dir=\"auto\">Et de pr\u00e9ciser que le nouveau patronat doit \u00eatre un patronat qui est\u00a0 issu d&rsquo;un congr\u00e8s \u00e9lectif. \u2039\u2039La commission actuelle o\u00f9\u00a0 les patronats auto d\u00e9clar\u00e9s ne r\u00e9pondent pas du tout aux conditions et aux r\u00e8gles \u00e9dit\u00e9es par le BIT, l&rsquo;OIE et concert des Nations Unies. Nous souhaitons aujourd&rsquo;hui qu&rsquo;on respecte ses r\u00e8gles. Qu&rsquo;il ait un bureau provisoire qui doit \u00eatre neutre et qui doit \u00eatre pr\u00e9sid\u00e9 par un acteur ind\u00e9pendant\u00a0 du secteur priv\u00e9\u00a0 afin de permettre \u00e0 tous les quatre patronats de pouvoir mobiliser\u00a0 les f\u00e9d\u00e9rations patronales membres existantes au sein de chaque patronat, afin de respecter les conditions d&rsquo;\u00e9ligibilit\u00e9 et d&rsquo;\u00e9lecteur.C&rsquo;est ce qui permettra d&rsquo;avoir un bureau \u00e9lectif convenable et r\u00e9presentatif\u00a0 et avoir un patronat digne qui respecte et qui r\u00e9pond aux exigences du monde du travail mais \u00e9galement r\u00e9pondre aux aspirations des f\u00e9d\u00e9rations patronales membres du CNP-Guin\u00e9e\u203a\u203a, a -t-il soulign\u00e9.<\/div>\n<div dir=\"auto\"><\/div>\n<div dir=\"auto\"><\/div>\n<div dir=\"auto\"><\/div>\n<div dir=\"auto\"><\/div>\n<div dir=\"auto\"><\/div>\n<div dir=\"auto\"><\/div>\n<div dir=\"auto\"><\/div>\n<div dir=\"auto\"><\/div>\n<div dir=\"auto\"><\/div>\n<div dir=\"auto\"><\/div>\n<div dir=\"auto\"><\/div>\n<div dir=\"auto\"><\/div>\n<div dir=\"auto\"><\/div>\n<div dir=\"auto\"><\/div>\n<div dir=\"auto\"><\/div>\n<div dir=\"auto\">Pour mettre un terme \u00e0 ses propos, il a dit :\u2039\u2039 De fa\u00e7on inclusive, il faudrait que tous le secteurs&rsquo; priv\u00e9s guin\u00e9ens\u00a0 se sentent concerner et impliqu\u00e9s. On a d\u00e9cid\u00e9 d&rsquo;aller dans le m\u00eame sens pour la mise en place du nouveau patronat\u203a\u203a.<\/div>\n<div dir=\"auto\"><\/div>\n<div dir=\"auto\"><\/div>\n<div dir=\"auto\"><\/div>\n<div dir=\"auto\"><\/div>\n<div dir=\"auto\"><\/div>\n<div dir=\"auto\"><\/div>\n<div dir=\"auto\"><\/div>\n<div dir=\"auto\"><\/div>\n<div dir=\"auto\"><\/div>\n<div dir=\"auto\"><\/div>\n<div dir=\"auto\"><\/div>\n<div dir=\"auto\"><\/div>\n<div dir=\"auto\"><\/div>\n<div dir=\"auto\"><\/div>\n<div dir=\"auto\"><\/div>\n<div dir=\"auto\"><\/div>\n<div dir=\"auto\">Sylla Ibrahima Kalil, pour\u00a0<a href=\"https:\/\/conakrynews.org\/\" target=\"_blank\" rel=\"noopener noreferrer\" data-saferedirecturl=\"https:\/\/www.google.com\/url?q=https:\/\/conakrynews.org\/&amp;source=gmail&amp;ust=1644728788251000&amp;usg=AOvVaw1CQs24rv67wzsgcn7l8xGM\">www.conakrynews.org<\/a>\u00a0625444534<\/div>\n<\/div>\n<\/div>\n<\/div>\n","protected":false},"excerpt":{"rendered":"<p>Le\u00a0 \u00a0bureau\u00a0 ex\u00e9cutif du Conseil National du Patronat Guin\u00e9en(CNP-Guin\u00e9e)\u00a0 \u00e9largi\u00a0 \u00a0au comit\u00e9 statutaire et au comit\u00e9 des\u00a0 finances\u00a0 \u00e9tait\u00a0 r\u00e9uni en Assembl\u00e9e g\u00e9n\u00e9rale ce vendredi,11 janvier 2021 au si\u00e8ge dudit Patronat\u00a0 \u00a0pour examiner\u00a0 la situation du projet de mise\u00a0 en place du nouveau patronat, voir comment proc\u00e9der \u00e0 l&rsquo;unification du patronat\u00a0 et ensuite de discuter [&hellip;]<\/p>\n","protected":false},"author":2,"featured_media":11734,"comment_status":"closed","ping_status":"closed","sticky":false,"template":"","format":"standard","meta":{"footnotes":""},"categories":[58],"tags":[],"class_list":{"0":"post-11727","1":"post","2":"type-post","3":"status-publish","4":"format-standard","5":"has-post-thumbnail","7":"category-societe"},"_links":{"self":[{"href":"https:\/\/conakrynews.org\/index.php\/wp-json\/wp\/v2\/posts\/11727","targetHints":{"allow":["GET"]}}],"collection":[{"href":"https:\/\/conakrynews.org\/index.php\/wp-json\/wp\/v2\/posts"}],"about":[{"href":"https:\/\/conakrynews.org\/index.php\/wp-json\/wp\/v2\/types\/post"}],"author":[{"embeddable":true,"href":"https:\/\/conakrynews.org\/index.php\/wp-json\/wp\/v2\/users\/2"}],"replies":[{"embeddable":true,"href":"https:\/\/conakrynews.org\/index.php\/wp-json\/wp\/v2\/comments?post=11727"}],"version-history":[{"count":0,"href":"https:\/\/conakrynews.org\/index.php\/wp-json\/wp\/v2\/posts\/11727\/revisions"}],"wp:featuredmedia":[{"embeddable":true,"href":"https:\/\/conakrynews.org\/index.php\/wp-json\/wp\/v2\/media\/11734"}],"wp:attachment":[{"href":"https:\/\/conakrynews.org\/index.php\/wp-json\/wp\/v2\/media?parent=11727"}],"wp:term":[{"taxonomy":"category","embeddable":true,"href":"https:\/\/conakrynews.org\/index.php\/wp-json\/wp\/v2\/categories?post=11727"},{"taxonomy":"post_tag","embeddable":true,"href":"https:\/\/conakrynews.org\/index.php\/wp-json\/wp\/v2\/tags?post=11727"}],"curies":[{"name":"wp","href":"https:\/\/api.w.org\/{rel}","templated":true}]}}