{"id":11760,"date":"2022-02-14T09:00:12","date_gmt":"2022-02-14T09:00:12","guid":{"rendered":"https:\/\/conakrynews.org\/?p=11760"},"modified":"2022-02-14T09:00:12","modified_gmt":"2022-02-14T09:00:12","slug":"palais-mohamed-v-le-president-de-la-cour-des-comptes-presente-les-rapports-annuels-de-son-institution-au-chef-de-letat","status":"publish","type":"post","link":"https:\/\/conakrynews.org\/index.php\/palais-mohamed-v-le-president-de-la-cour-des-comptes-presente-les-rapports-annuels-de-son-institution-au-chef-de-letat\/","title":{"rendered":"Palais Mohamed V: Le pr\u00e9sident de la cour des comptes pr\u00e9sente les rapports annuels de son institution au Chef de l\u2019\u00c9tat"},"content":{"rendered":"<p>&nbsp;<\/p>\n<p class=\"post-meta\">\n<div class=\"clear\"><\/div>\n<div class=\"entry\">\n<p>Le Pr\u00e9sident de la Transition, le Colonel Mamadi DOUMBOUYA a re\u00e7u le vendredi, 11 f\u00e9vrier 2022 au Palais Mohammed V les responsables de la Cour des comptes, venus pr\u00e9senter 4 rapports annuels publics de l\u2019institution.<\/p>\n<p>Ces rapports portent entre autres sur le rappel de quelques missions, attributions et organisation de la Cour des comptes, l\u2019\u00e9laboration d\u2019un manuel des proc\u00e9dures et huit guides de contr\u00f4le. Il s\u2019agit aussi de l\u2019apurement des arri\u00e9r\u00e9s juridictionnels des comptes de 13 comptables principaux de l\u2019Etat, 67 agents comptables des \u00e9tablissements publics administratifs et 24 receveurs communaux des collectivit\u00e9s locales. Ces rapports touchent aussi le contr\u00f4le de la gestion d\u2019une vingtaine d\u2019entit\u00e9s publiques, le contr\u00f4le des comptes de campagne des derni\u00e8res \u00e9lections communales, la certification des formulaires de d\u00e9clarations de recettes des soci\u00e9t\u00e9s mini\u00e8res.<\/p>\n<p>A l\u2019occasion, le pr\u00e9sident de la Cour des comptes, Dr Mohamed Diar\u00e9, a rappel\u00e9 que l\u2019exigence de transparence, d\u2019imputabilit\u00e9 et de reddition des comptes attach\u00e9e \u00e0 la gestion des deniers publics a conduit le l\u00e9gislateur \u00e0 cr\u00e9er une Cour des comptes en remplacement de la Chambre des comptes.<\/p>\n<p>Selon lui, apr\u00e8s sa mise en place en 2016, la Cour des comptes s\u2019est employ\u00e9e \u00e0 se doter de capacit\u00e9s humaines et institutionnelles ainsi que de moyens logistiques pour son fonctionnement.<\/p>\n<p>Poursuivant, le pr\u00e9sident de la Cour des comptes a pr\u00e9cis\u00e9 que les activit\u00e9s de son institution qui ont r\u00e9ellement d\u00e9marr\u00e9 en 2017, ont permis de r\u00e9aliser plusieurs contr\u00f4les.<\/p>\n<p>D\u2019apr\u00e8s Dr Mohamed Diar\u00e9, ce sont les extraits de ces activit\u00e9s de contr\u00f4le qui sont consign\u00e9s dans les diff\u00e9rents rapports d\u2019activit\u00e9s 2017, 2018, 2019 et 2020 qu\u2019il a l\u2019honneur de remettre au Chef de l\u2019Etat.<\/p>\n<p>A pr\u00e9ciser que chaque ann\u00e9e, la Cour des comptes \u00e9labore un rapport d\u2019activit\u00e9s \u00e0 l\u2019attention du Pr\u00e9sident de la R\u00e9publique et du Pr\u00e9sident de l\u2019Assembl\u00e9e nationale, sur les r\u00e9sultats de l\u2019ensemble de ces travaux de l\u2019ann\u00e9e pr\u00e9c\u00e9dente. Ce rapport retrace les observations, les recommandations et conclusions formul\u00e9es par ladite Cour.<\/p>\n<p>Le s\u00e9cr\u00e9taire g\u00e9n\u00e9ral de la Cour des Comptes, Fod\u00e9 Kerfala Camara a fait quelques observations et recommandations sur l\u2019ex\u00e9cution du budget national et des autres budgets.<\/p>\n<p>Ainsi dans le volet recettes, il a fait savoir que sur plusieurs ann\u00e9es, il ressort que la progression de l\u2019exploitation mini\u00e8re dans notre pays, n\u2019avait pas \u00e9t\u00e9 proportionnelle \u00e0 l\u2019augmentation des recettes issues de ce secteur.<br \/>\nIl a aussi signal\u00e9 que dans ce volet, la seconde mine vivante non exploit\u00e9e dans notre pays est le foncier b\u00e2ti et non b\u00e2ti et que cette fiscalit\u00e9, bien qu\u2019elle soit impopulaire, constitue la principale ressource des collectivit\u00e9s dans tous les pays.<\/p>\n<p>Sur cette lanc\u00e9e, un autre grand probl\u00e8me \u00e0 r\u00e9soudre et qui a \u00e9t\u00e9 soulev\u00e9 par le secr\u00e9taire g\u00e9n\u00e9ral de la Cour des comptes, est la gestion du patrimoine b\u00e2ti et non b\u00e2ti de l\u2019Etat : \u00ab A ce niveau chacun s\u2019est servi gratuitement et l\u2019Etat aussi est rest\u00e9 laxiste, parfois complice de ces mauvaises pratiques \u00bb a-t-il dit.<\/p>\n<p>Concernant les recettes non fiscales, Fod\u00e9 Kerfala Camara a relev\u00e9 quelques probl\u00e8mes dont une identification inachev\u00e9e des sources de recettes, une r\u00e8glementation des sources de recettes, la mauvaise tenue du compte des valeurs et titres.<\/p>\n<p>S\u2019agissant des d\u00e9penses publiques, le secr\u00e9taire g\u00e9n\u00e9ral de la Cour des comptes a soulign\u00e9, compte tenu de l\u2019insuffisance des ressources, qu\u2019il \u00e9tait important de proc\u00e9der \u00e0 une allocation efficiente des cr\u00e9dits.<\/p>\n<p>Pour lui, la pratique actuelle de mise en \u0153uvre du budget national ne favorise pas le d\u00e9veloppement des R\u00e9gions et des Pr\u00e9fectures.<br \/>\nC\u2019est pourquoi le secr\u00e9taire g\u00e9n\u00e9ral de la Cour des comptes a recommand\u00e9 que les R\u00e9gions et les Pr\u00e9fectures b\u00e9n\u00e9ficient d\u2019allocations budg\u00e9taires et g\u00e8rent directement les budgets d\u2019investissement de leurs localit\u00e9s.<\/p>\n<p>\ud835\uddd7\ud835\uddf6\ud835\uddff\ud835\uddf2\ud835\uddf0\ud835\ude01\ud835\uddf6\ud835\uddfc\ud835\uddfb \ud835\uddf1\ud835\uddf2 \ud835\uddf9\ud835\uddee \ud835\uddf0\ud835\uddfc\ud835\uddfa\ud835\uddfa\ud835\ude02\ud835\uddfb\ud835\uddf6\ud835\uddf0\ud835\uddee\ud835\ude01\ud835\uddf6\ud835\uddfc\ud835\uddfb \ud835\uddf2\ud835\ude01 \ud835\uddf1\ud835\uddf2 \ud835\uddf9\u2019\ud835\uddf6\ud835\uddfb\ud835\uddf3\ud835\uddfc\ud835\uddff\ud835\uddfa\ud835\uddee\ud835\ude01\ud835\uddf6\ud835\uddfc\ud835\uddfb \ud835\uddf1\ud835\uddf2 \ud835\uddf9\ud835\uddee \ud835\udde3\ud835\uddff\ud835\uddf2\u0301\ud835\ude00\ud835\uddf6\ud835\uddf1\ud835\uddf2\ud835\uddfb\ud835\uddf0\ud835\uddf2<\/p>\n<\/div>\n","protected":false},"excerpt":{"rendered":"<p>&nbsp; Le Pr\u00e9sident de la Transition, le Colonel Mamadi DOUMBOUYA a re\u00e7u le vendredi, 11 f\u00e9vrier 2022 au Palais Mohammed V les responsables de la Cour des comptes, venus pr\u00e9senter 4 rapports annuels publics de l\u2019institution. Ces rapports portent entre autres sur le rappel de quelques missions, attributions et organisation de la Cour des comptes, [&hellip;]<\/p>\n","protected":false},"author":2,"featured_media":11761,"comment_status":"closed","ping_status":"closed","sticky":false,"template":"","format":"standard","meta":{"footnotes":""},"categories":[58],"tags":[],"class_list":{"0":"post-11760","1":"post","2":"type-post","3":"status-publish","4":"format-standard","5":"has-post-thumbnail","7":"category-societe"},"_links":{"self":[{"href":"https:\/\/conakrynews.org\/index.php\/wp-json\/wp\/v2\/posts\/11760","targetHints":{"allow":["GET"]}}],"collection":[{"href":"https:\/\/conakrynews.org\/index.php\/wp-json\/wp\/v2\/posts"}],"about":[{"href":"https:\/\/conakrynews.org\/index.php\/wp-json\/wp\/v2\/types\/post"}],"author":[{"embeddable":true,"href":"https:\/\/conakrynews.org\/index.php\/wp-json\/wp\/v2\/users\/2"}],"replies":[{"embeddable":true,"href":"https:\/\/conakrynews.org\/index.php\/wp-json\/wp\/v2\/comments?post=11760"}],"version-history":[{"count":0,"href":"https:\/\/conakrynews.org\/index.php\/wp-json\/wp\/v2\/posts\/11760\/revisions"}],"wp:featuredmedia":[{"embeddable":true,"href":"https:\/\/conakrynews.org\/index.php\/wp-json\/wp\/v2\/media\/11761"}],"wp:attachment":[{"href":"https:\/\/conakrynews.org\/index.php\/wp-json\/wp\/v2\/media?parent=11760"}],"wp:term":[{"taxonomy":"category","embeddable":true,"href":"https:\/\/conakrynews.org\/index.php\/wp-json\/wp\/v2\/categories?post=11760"},{"taxonomy":"post_tag","embeddable":true,"href":"https:\/\/conakrynews.org\/index.php\/wp-json\/wp\/v2\/tags?post=11760"}],"curies":[{"name":"wp","href":"https:\/\/api.w.org\/{rel}","templated":true}]}}