{"id":1177,"date":"2017-03-23T19:12:56","date_gmt":"2017-03-23T18:12:56","guid":{"rendered":"https:\/\/conakrynews.org\/?p=1177"},"modified":"2020-03-26T17:49:08","modified_gmt":"2020-03-26T16:49:08","slug":"quel-avenir-pour-la-presse-ecrite-guineenne-deux-journees-de-table-ronde-pour-en-debattre","status":"publish","type":"post","link":"https:\/\/conakrynews.org\/index.php\/quel-avenir-pour-la-presse-ecrite-guineenne-deux-journees-de-table-ronde-pour-en-debattre\/","title":{"rendered":"quel avenir pour la presse \u00e9crite guin\u00e9enne deux journ\u00e9es de table-ronde pour en d\u00e9battre"},"content":{"rendered":"<p>l\u2019association guin\u00e9enne des editeurs de la presse ind\u00e9pendante (agepi) en collaboration avec le centre europ\u00e9en d\u2019appui aux \u00e9lections(eces), ont organis\u00e9 deux journ\u00e9es de table-ronde (07 et 08 mars) dernier dans la salle des actes du palais du peuple \u00e0 l\u2019intention des diff\u00e9rents organes de la presse \u00e9crite guin\u00e9enne. ledits\u00e9minaire qui a fait l\u2019objet d\u2019intenses \u00e9changes sur les diff\u00e9rentes questions qui assaillent la plupart des r\u00e9dactions de nos journaux nationaux avait pour th\u00e8me : \u00abtable-ronde sur la presse \u00e9crite, \u00e9tat des lieux et perspectives\u00bb.plusieurs personnalit\u00e9s ont pris part \u00e0 la c\u00e9r\u00e9monie de cl\u00f4ture, notamment le ministre d\u2019\u00e9tat, conseillersp\u00e9cial \u00e0 la pr\u00e9sidence, m. tibou kamara, le repr\u00e9sentant du minist\u00e8re de la communication, le repr\u00e9sentant de eces en guin\u00e9e ainsi que les directeurs de publication des journaux du pays. a l\u2019occasion, dans son discours de cl\u00f4ture, le pr\u00e9sident de l\u2019association guin\u00e9enne des editeurs de la presse ind\u00e9pendante (agepi),m. moussa iboun cont\u00e9, a d\u00e9clar\u00e9 : \u00abje voudrais rappeler que ces deux jours de travaux ont \u00e9t\u00e9 marqu\u00e9s par quatre (4) principales communications, notamment le diagnostic et d\u00e9fi de la presse \u00e9crite li\u00e9s \u00e0 l\u2019\u00e8re des nouvelles technologies et de la communication, la probl\u00e9matique de la publicit\u00e9 pour les journalistes de la presse \u00e9crite , la distribution des journaux de la presse \u00e9crite sur tout le territoire national guin\u00e9en ; et la derni\u00e8re communication ax\u00e9e sur le cadre juridique de la presse \u00e9crite : quels enjeux \u00bb, a-t-il d\u00e9clar\u00e9. avant d\u2019ajouter : \u00abpendant ces deux journ\u00e9es de travaux, les maux comme la chert\u00e9 des intrants, le manque de publicit\u00e9, le manque de r\u00e9seaux fiables de distribution des journaux, ont \u00e9t\u00e9 r\u00e9v\u00e9l\u00e9s comme \u00e9tant les facteurs qui fragilisent la prosp\u00e9rit\u00e9 du journal papier \u00e0 l\u2019\u00e8re des nouvelles technologies de l\u2019information et de la communication. les participants ont \u00e9t\u00e9 instruit que l\u2019utilisation des articles de la presse en ligne et des enjeux majeurs de l\u2019audiovisuel sont les facteurs qui entravent l\u2019\u00e9volution de la presse \u00e9crite aujourd\u2019hui\u00bb, a-t-il ajout\u00e9. et d\u2019affirmer : \u00abil faut reconnaitre qu\u2019au cours des \u00e9changes, les id\u00e9es fortes ont \u00e9merg\u00e9es \u00e0 l\u2019issus des r\u00e9flexions au niveau des deux groupes de travaux qu\u2019on a constitu\u00e9 dans le cadre de r\u00e9solution des probl\u00e8mes qui impactent n\u00e9gativement la prosp\u00e9rit\u00e9 de la presse \u00e9crite tout en mettant un accent particulier sur le renforcement des capacit\u00e9s des journalistes reporters qui constituent les \u00e9l\u00e9ments int\u00e9ressants au sein de la r\u00e9daction. la mise en place d\u2019une imprimerie autonome pour la presse \u00e9crite guin\u00e9enne. le genre journalistique a \u00e9t\u00e9 retenu comme informations cl\u00e9 pour essayer de repositionner l\u2019image de la presse \u00e9crite, sans oublier des formations en mati\u00e8re d\u2019investigation qui ont \u00e9t\u00e9 soulev\u00e9es parmi les pr\u00e9occupations \u00bb, a d\u00e9clar\u00e9 le pr\u00e9sident de l\u2019agepi. donc, si les radios annoncent, la presse audiovisuelle montre, la presse \u00e9crite \u00e0 forcement droit de d\u00e9montrer les faits pour prouver son importance par rapport aux autres m\u00e9dias \u00bb, a-t-il ianc\u00e9. pour sa part, m.domique, repr\u00e9sentant du centre d\u2019appui des \u00e9lections (eces), a indiqu\u00e9 : \u00abmoi, je suis plut\u00f4t heureux d\u2019entendre qu\u2019il n\u2019y ait pas eu de consensus autour de certains points durant ces jours de travaux. parce que partout o\u00f9 il n\u2019y a pas eu consensus, \u00e7a veut dire qu\u2019il ya encore des d\u00e9bats \u00e0 ce niveau-l\u00e0. j\u2019esp\u00e8re que dans les prochaines rencontres, on pourra discuter sur les points de consensus et de blocage afin qu\u2019il y ait plus de dynamisme dans les diff\u00e9rentes r\u00e9solutions qui seront d\u00e9finitivement retenues. et, nous attendons les documents issus des deux jours de travaux pour mieux les analyser afin de trouver des solutions valables \u00e0 ce niveau-l\u00e0 \u00bb, a-t-il pr\u00e9cis\u00e9. pr\u00e9sent \u00e0 cette c\u00e9r\u00e9monie de cl\u00f4ture, le ministre d\u2019\u00e9tat, conseiller sp\u00e9cial du pr\u00e9sident de la r\u00e9publique, m. tibou kamara, a soulign\u00e9 en ces termes : \u00abla guin\u00e9e est dans la dynamique d\u2019une d\u00e9mocratie en marche malgr\u00e9 les dures \u00e9preuves.donc, la presse est l\u2019une des maillons essentiels de cette d\u00e9mocratie. je voudrais dire que cette rencontre vient \u00e0 point nomm\u00e9 puisque qu\u2019elle se situe au lendemain d\u2019une rencontre d\u00e9terminante que les acteurs des diff\u00e9rents m\u00e9dias ont eu \u00e0 faire avec m. le pr\u00e9sident de la r\u00e9publique, pr alpha cond\u00e9 au cours de laquelle une annonce tr\u00e8s forte a \u00e9t\u00e9 faite, \u00e0 savoir l\u2019institution de la journ\u00e9e de la presse\u00bb, a soulign\u00e9 le conseiller sp\u00e9cial du pr\u00e9sident. avant de rappeler : \u00abla c\u00e9l\u00e9bration de cette journ\u00e9e, est une reconnaissance par rapport aux efforts fournis pour la libert\u00e9 d\u2019expression qui est un fondement incontournable d\u2019une d\u00e9mocratie. parce qu\u2019il faut noter que les m\u00e9dis sont les partenaires de l\u2019etat. et, cette libert\u00e9 d\u2019expression, les journalistes en ont fait de leur bataille de chevalier. je voudrais donc remercier nos partenaires de l\u2019union europ\u00e9enne qui ne m\u00e9nagent aucun effort pour la qualification de la presse guin\u00e9enne \u00e0 travers les s\u00e9minaires et ateliers de renforcement de capacit\u00e9. tout en esp\u00e9rant que les d\u00e9bats que vous venez de rendre compte pourront \u00eatre les premier jalons \u00e0 l\u2019occasion de la journ\u00e9e de la presse \u00bb, a-t-il rappel\u00e9. avant de pr\u00e9ciser : \u00abla plupart des recommandations ont \u00e9t\u00e9 toujours au centre des d\u00e9bats, mais malheureusement, elles n\u2019ont jamais trouv\u00e9 solution. donc j\u2019esp\u00e8re qu\u2019\u00e0 l\u2019occasion de la journ\u00e9e de la presse, elles connaitront un d\u00e9but de solution ou d\u2019\u00eatre prise en compte. aujourd\u2019hui, on aime toujours faire un mauvais proc\u00e8s \u00e0 la presse, en expliquant souvent ses d\u00e9fauts et faiblesses, mais rarement qu\u2019on a reconnu ses efforts, rarement qu\u2019on a rendu hommage aux journalistes qui dans les conditions parfois tr\u00e8s difficiles qui les rendent plus vuln\u00e9rables mais parviennent toujours \u00e0 s\u2019acquitter de leur noble mission en \u00e9duquant notre peuple, informer et sensibiliser ce peuple dans l\u2019objectif d\u2019assainir la conscience de nos populations \u00bb, a-t-il conclu. a noter que les directeurs des publications, dans leurs diff\u00e9rentes recommandations, ont beaucoup sollicit\u00e9 la ratification de la convention de florence par le gouvernement guin\u00e9en. cette ratification qui permettra aux journalistes d\u2019\u00eatre \u00e0 l\u2019abri des taxes sur les outils qui rentrent dans la production des magazines et journaux de la presse \u00e9crite.<\/p>\n","protected":false},"excerpt":{"rendered":"<p>l\u2019association guin\u00e9enne des editeurs de la presse ind\u00e9pendante (agepi) en collaboration avec le centre europ\u00e9en d\u2019appui aux \u00e9lections(eces), ont organis\u00e9 deux journ\u00e9es de table-ronde (07 et 08 mars) dernier dans la salle des actes du palais du peuple \u00e0 l\u2019intention des diff\u00e9rents organes de la presse \u00e9crite guin\u00e9enne. ledits\u00e9minaire qui a fait l\u2019objet d\u2019intenses \u00e9changes [&hellip;]<\/p>\n","protected":false},"author":2,"featured_media":1178,"comment_status":"open","ping_status":"open","sticky":false,"template":"","format":"standard","meta":{"footnotes":""},"categories":[62],"tags":[],"class_list":{"0":"post-1177","1":"post","2":"type-post","3":"status-publish","4":"format-standard","5":"has-post-thumbnail","7":"category-culture"},"_links":{"self":[{"href":"https:\/\/conakrynews.org\/index.php\/wp-json\/wp\/v2\/posts\/1177","targetHints":{"allow":["GET"]}}],"collection":[{"href":"https:\/\/conakrynews.org\/index.php\/wp-json\/wp\/v2\/posts"}],"about":[{"href":"https:\/\/conakrynews.org\/index.php\/wp-json\/wp\/v2\/types\/post"}],"author":[{"embeddable":true,"href":"https:\/\/conakrynews.org\/index.php\/wp-json\/wp\/v2\/users\/2"}],"replies":[{"embeddable":true,"href":"https:\/\/conakrynews.org\/index.php\/wp-json\/wp\/v2\/comments?post=1177"}],"version-history":[{"count":0,"href":"https:\/\/conakrynews.org\/index.php\/wp-json\/wp\/v2\/posts\/1177\/revisions"}],"wp:featuredmedia":[{"embeddable":true,"href":"https:\/\/conakrynews.org\/index.php\/wp-json\/wp\/v2\/media\/1178"}],"wp:attachment":[{"href":"https:\/\/conakrynews.org\/index.php\/wp-json\/wp\/v2\/media?parent=1177"}],"wp:term":[{"taxonomy":"category","embeddable":true,"href":"https:\/\/conakrynews.org\/index.php\/wp-json\/wp\/v2\/categories?post=1177"},{"taxonomy":"post_tag","embeddable":true,"href":"https:\/\/conakrynews.org\/index.php\/wp-json\/wp\/v2\/tags?post=1177"}],"curies":[{"name":"wp","href":"https:\/\/api.w.org\/{rel}","templated":true}]}}