{"id":11772,"date":"2022-02-15T13:59:11","date_gmt":"2022-02-15T13:59:11","guid":{"rendered":"https:\/\/conakrynews.org\/?p=11772"},"modified":"2022-02-15T14:01:12","modified_gmt":"2022-02-15T14:01:12","slug":"guinee-promotion-secteur-prive-lancement-officiel-des-activites-dun-reseau-de-journalistes","status":"publish","type":"post","link":"https:\/\/conakrynews.org\/index.php\/guinee-promotion-secteur-prive-lancement-officiel-des-activites-dun-reseau-de-journalistes\/","title":{"rendered":"Guin\u00e9e\/Promotion du secteur priv\u00e9: Lancement officiel des activit\u00e9s d\u2019un r\u00e9seau de journalistes"},"content":{"rendered":"<div class=\"td-pb-row\">\n<div class=\"td-pb-span12\">\n<div class=\"td-post-header\">\n<header class=\"td-post-title\">\n<h1 class=\"entry-title\"><\/h1>\n<div class=\"td-module-meta-info\">\n<div class=\"td-post-author-name\">\n<div class=\"td-author-by\"><\/div>\n<\/div>\n<\/div>\n<\/header>\n<\/div>\n<\/div>\n<\/div>\n<div class=\"td-pb-row\">\n<div class=\"td-pb-span8 td-main-content\" role=\"main\">\n<div class=\"td-ss-main-content\">\n<div class=\"td-post-sharing td-post-sharing-top \">\n<div class=\"td-default-sharing\"><i class=\"td-icon-facebook\"><\/i>\u00a0<i class=\"td-icon-twitter\"><\/i>\u00a0<i class=\"td-icon-googleplus\"><\/i>\u00a0<i class=\"td-icon-pinterest\"><\/i>\u00a0<i class=\"td-icon-whatsapp\"><\/i><\/div>\n<\/div>\n<div class=\"td-post-content\">\n<div class=\"td-post-featured-image\"><a class=\"td-modal-image\" href=\"https:\/\/aubeafrique.com\/wp-content\/uploads\/2022\/02\/IMG_20220215_105621-scaled.jpg\" data-caption=\"\"><img loading=\"lazy\" decoding=\"async\" class=\"entry-thumb td-animation-stack-type0-2\" title=\"IMG_20220215_105621\" src=\"https:\/\/aubeafrique.com\/wp-content\/uploads\/2022\/02\/IMG_20220215_105621-696x524.jpg\" alt=\"\" width=\"696\" height=\"524\" \/><\/a><\/div>\n<p>C\u2019est un r\u00e9seau compos\u00e9 des journalistes venus de la presse publique et priv\u00e9e dont le but est de porter un regard sur l\u2019\u00e9volution et \u00e0 la promotion du secteur priv\u00e9e guin\u00e9en. Le lancement officiel des activit\u00e9s a eu lieu ce mardi, 15 f\u00e9vrier \u00e0 la maison commune des journalistes sise \u00e0 Kip\u00e9 dans la commune de Ratoma \u00e0 Conakry.<\/p>\n<div dir=\"auto\">\n<div dir=\"auto\"><\/div>\n<div dir=\"auto\">Dans son intervention de circonstance, Ibrahima Kalil Sylla du R\u00e9seau des Journalistes pour la Promotion du Secteur Priv\u00e9 (REJOPROSP) est revenu sur les principaux axes prioritaires de sa structure. Des axes relatifs \u00e0 faire l\u2019\u00e9tat des lieux du secteur priv\u00e9 guin\u00e9en; accompagner la restructuration pr\u00f4n\u00e9e par le CNRD; faire la campagne m\u00e9diatique pour booster les diff\u00e9rentes structures du secteur priv\u00e9 guin\u00e9en; booster le secteur informel \u00e0 se former; recenser et planifier les diff\u00e9rentes branches du secteur priv\u00e9 guin\u00e9en; d\u2019amener des journalistes \u00e0 se sp\u00e9cialiser sur des questions du secteur \u00e9conomique et le respect d\u2019autres r\u00e8gles allant dans le sens de la bonne gestion des entreprises.<\/div>\n<div dir=\"auto\">Des donn\u00e9es qui peuvent non seulement apporter un pas de plus dans le domaine de la promotion du secteur \u00e9conomique mais \u00e9galement \u00e0 la cr\u00e9ation de l\u2019emploi sans oublier l\u2019am\u00e9lioration des conditions de vie des travailleurs dans les diff\u00e9rentes entrprises dans notre pays.<\/div>\n<div dir=\"auto\"><\/div>\n<div dir=\"auto\">\u00a0 \u00a0 \u00a0 \u00a0 \u00a0 \u00a0 \u00a0 \u00a0 \u00a0 \u00a0\u00a0<b>S\u00e9kouba Kourouma<\/b><\/div>\n<div dir=\"auto\"><b>\u00a0 \u00a0 \u00a0 \u00a0 \u00a0 \u00a0 \u00a0 \u00a0 \u00a0 \u00a000224-628-00-36-63<\/b><\/div>\n<\/div>\n<div class=\"td-a-rec td-a-rec-id-content_bottom td_uid_2_620bb09eb2dbe_rand td_block_template_1\">\n<div class=\"td-all-devices\"><a href=\"https:\/\/aubeafrique.com\/guinee-promotion-secteur-prive-lancement-officiel-des-activites-dun-reseau-de-journalistes\/#\" target=\"_blank\" rel=\"noopener\"><img decoding=\"async\" class=\"td-animation-stack-type0-2\" src=\"https:\/\/aubeafrique.com\/wp-content\/uploads\/2021\/08\/newspaper-rec728.jpg\" \/><\/a><\/div>\n<\/div>\n<\/div>\n<\/div>\n<\/div>\n<\/div>\n","protected":false},"excerpt":{"rendered":"<p>\u00a0\u00a0\u00a0\u00a0 C\u2019est un r\u00e9seau compos\u00e9 des journalistes venus de la presse publique et priv\u00e9e dont le but est de porter un regard sur l\u2019\u00e9volution et \u00e0 la promotion du secteur priv\u00e9e guin\u00e9en. Le lancement officiel des activit\u00e9s a eu lieu ce mardi, 15 f\u00e9vrier \u00e0 la maison commune des journalistes sise \u00e0 Kip\u00e9 dans la [&hellip;]<\/p>\n","protected":false},"author":2,"featured_media":11773,"comment_status":"closed","ping_status":"closed","sticky":false,"template":"","format":"standard","meta":{"footnotes":""},"categories":[58],"tags":[],"class_list":{"0":"post-11772","1":"post","2":"type-post","3":"status-publish","4":"format-standard","5":"has-post-thumbnail","7":"category-societe"},"_links":{"self":[{"href":"https:\/\/conakrynews.org\/index.php\/wp-json\/wp\/v2\/posts\/11772","targetHints":{"allow":["GET"]}}],"collection":[{"href":"https:\/\/conakrynews.org\/index.php\/wp-json\/wp\/v2\/posts"}],"about":[{"href":"https:\/\/conakrynews.org\/index.php\/wp-json\/wp\/v2\/types\/post"}],"author":[{"embeddable":true,"href":"https:\/\/conakrynews.org\/index.php\/wp-json\/wp\/v2\/users\/2"}],"replies":[{"embeddable":true,"href":"https:\/\/conakrynews.org\/index.php\/wp-json\/wp\/v2\/comments?post=11772"}],"version-history":[{"count":0,"href":"https:\/\/conakrynews.org\/index.php\/wp-json\/wp\/v2\/posts\/11772\/revisions"}],"wp:featuredmedia":[{"embeddable":true,"href":"https:\/\/conakrynews.org\/index.php\/wp-json\/wp\/v2\/media\/11773"}],"wp:attachment":[{"href":"https:\/\/conakrynews.org\/index.php\/wp-json\/wp\/v2\/media?parent=11772"}],"wp:term":[{"taxonomy":"category","embeddable":true,"href":"https:\/\/conakrynews.org\/index.php\/wp-json\/wp\/v2\/categories?post=11772"},{"taxonomy":"post_tag","embeddable":true,"href":"https:\/\/conakrynews.org\/index.php\/wp-json\/wp\/v2\/tags?post=11772"}],"curies":[{"name":"wp","href":"https:\/\/api.w.org\/{rel}","templated":true}]}}