{"id":11788,"date":"2022-02-17T10:07:28","date_gmt":"2022-02-17T10:07:28","guid":{"rendered":"https:\/\/conakrynews.org\/?p=11788"},"modified":"2022-02-17T10:07:28","modified_gmt":"2022-02-17T10:07:28","slug":"mamou-1450-kg-de-chanvre-indien-incineres-dans-la-prefecture","status":"publish","type":"post","link":"https:\/\/conakrynews.org\/index.php\/mamou-1450-kg-de-chanvre-indien-incineres-dans-la-prefecture\/","title":{"rendered":"Mamou: 1450 kg de chanvre indien incin\u00e9r\u00e9s dans la pr\u00e9fecture"},"content":{"rendered":"<h1 class=\"name post-title entry-title\"><\/h1>\n<p class=\"post-meta\">\n<div class=\"clear\"><\/div>\n<div class=\"entry\">\n<p>Les autorit\u00e9s administratives, judiciaires et s\u00e9curitaires de la r\u00e9gion administrative de Mamou ont proc\u00e9d\u00e9 ce mercredi, 16 f\u00e9vrier 2022, \u00e0 l\u2019incin\u00e9ration de 1450 kg de chanvre indien saisis dans les localit\u00e9s de Farinta et Berteya dans la sous-pr\u00e9fecture de Soyah, situ\u00e9e \u00e0 15 kilom\u00e8tres du chef-lieu de la pr\u00e9fecture de Mamou sur la nationale Mamou-Faranah.<br \/>\nC\u2019est le site de Dounkiwal dans la commune urbaine de Mamou qui a servi de cadre \u00e0 cette c\u00e9r\u00e9monie d\u2019incin\u00e9ration des 1450 kilom\u00e8tres.<br \/>\nApr\u00e8s l\u2019incin\u00e9ration de cette importante quantit\u00e9 de chanvre indien, le maire de la commune urbaine de Mamou s\u2019est dit satisfait de l\u2019effort d\u00e9ploy\u00e9 par les agents de force de d\u00e9fense et de s\u00e9curit\u00e9 qui selon lui sont en train d\u2019\u0153uvrer pour la lutte contre le banditisme dans la ville carrefour.<\/p>\n<p>AGP<\/p>\n<\/div>\n","protected":false},"excerpt":{"rendered":"<p>Les autorit\u00e9s administratives, judiciaires et s\u00e9curitaires de la r\u00e9gion administrative de Mamou ont proc\u00e9d\u00e9 ce mercredi, 16 f\u00e9vrier 2022, \u00e0 l\u2019incin\u00e9ration de 1450 kg de chanvre indien saisis dans les localit\u00e9s de Farinta et Berteya dans la sous-pr\u00e9fecture de Soyah, situ\u00e9e \u00e0 15 kilom\u00e8tres du chef-lieu de la pr\u00e9fecture de Mamou sur la nationale Mamou-Faranah. [&hellip;]<\/p>\n","protected":false},"author":2,"featured_media":11789,"comment_status":"closed","ping_status":"closed","sticky":false,"template":"","format":"standard","meta":{"footnotes":""},"categories":[58],"tags":[],"class_list":{"0":"post-11788","1":"post","2":"type-post","3":"status-publish","4":"format-standard","5":"has-post-thumbnail","7":"category-societe"},"_links":{"self":[{"href":"https:\/\/conakrynews.org\/index.php\/wp-json\/wp\/v2\/posts\/11788","targetHints":{"allow":["GET"]}}],"collection":[{"href":"https:\/\/conakrynews.org\/index.php\/wp-json\/wp\/v2\/posts"}],"about":[{"href":"https:\/\/conakrynews.org\/index.php\/wp-json\/wp\/v2\/types\/post"}],"author":[{"embeddable":true,"href":"https:\/\/conakrynews.org\/index.php\/wp-json\/wp\/v2\/users\/2"}],"replies":[{"embeddable":true,"href":"https:\/\/conakrynews.org\/index.php\/wp-json\/wp\/v2\/comments?post=11788"}],"version-history":[{"count":0,"href":"https:\/\/conakrynews.org\/index.php\/wp-json\/wp\/v2\/posts\/11788\/revisions"}],"wp:featuredmedia":[{"embeddable":true,"href":"https:\/\/conakrynews.org\/index.php\/wp-json\/wp\/v2\/media\/11789"}],"wp:attachment":[{"href":"https:\/\/conakrynews.org\/index.php\/wp-json\/wp\/v2\/media?parent=11788"}],"wp:term":[{"taxonomy":"category","embeddable":true,"href":"https:\/\/conakrynews.org\/index.php\/wp-json\/wp\/v2\/categories?post=11788"},{"taxonomy":"post_tag","embeddable":true,"href":"https:\/\/conakrynews.org\/index.php\/wp-json\/wp\/v2\/tags?post=11788"}],"curies":[{"name":"wp","href":"https:\/\/api.w.org\/{rel}","templated":true}]}}