{"id":11798,"date":"2022-02-18T13:12:12","date_gmt":"2022-02-18T13:12:12","guid":{"rendered":"https:\/\/conakrynews.org\/?p=11798"},"modified":"2022-02-18T13:12:12","modified_gmt":"2022-02-18T13:12:12","slug":"troisieme-forum-des-mines-et-du-petrole-de-la-cedeao-au-niger","status":"publish","type":"post","link":"https:\/\/conakrynews.org\/index.php\/troisieme-forum-des-mines-et-du-petrole-de-la-cedeao-au-niger\/","title":{"rendered":"Troisi\u00e8me Forum des mines et du p\u00e9trole de la CEDEAO au Niger"},"content":{"rendered":"<h1 class=\"name post-title entry-title\"><\/h1>\n<p class=\"post-meta\">\n<div class=\"clear\"><\/div>\n<div class=\"entry\">\n<p class=\"teaser\">Ce forum vise \u00e0 promouvoir le d\u00e9veloppement de l\u2019industrie mini\u00e8re et p\u00e9troli\u00e8re en Afrique de l\u2019Ouest. Il aborde \u00e9galement des th\u00e8mes tels que la responsabilit\u00e9 sociale et le d\u00e9veloppement durable.<\/p>\n<div class=\"content\">\n<section class=\"main\">\u00ab Int\u00e9grer les industries mini\u00e8res et p\u00e9troli\u00e8res dans le d\u00e9veloppement des cha\u00eenes de valeur r\u00e9gionales \u00bb, tel est le th\u00e8me de la troisi\u00e8me \u00e9dition de l\u2019<a href=\"https:\/\/ecomof.com\/fr\" target=\"_blank\" rel=\"noopener noreferrer\">ECOMOF<\/a>, le Forum des mines et du p\u00e9trole de la CEDEAO, qui se tient du 16 au 18 f\u00e9vrier \u00e0 Niamey, au Niger. Ce forum est initi\u00e9 par la\u00a0<a href=\"https:\/\/ecowas.int\/institutions-2\/commission-de-la-cedeao\/?lang=fr\" target=\"_blank\" rel=\"noopener noreferrer\">Commission de la Communaut\u00e9 \u00c9conomique des \u00c9tats de l\u2019Afrique de l\u2019Ouest<\/a>\u00a0(CEDEAO), en partenariat avec la firme\u00a0<a href=\"https:\/\/ametrade.org\/\" target=\"_blank\" rel=\"noopener noreferrer\">AME Trade Ltd<\/a>. Con\u00e7u pour promouvoir le d\u00e9veloppement des industries mini\u00e8res et p\u00e9troli\u00e8res de l\u2019Afrique de l\u2019Ouest, l\u2019ECOMOF se focalise sur le potentiel des cha\u00eenes d\u2019approvisionnement r\u00e9gionales et la perspective d\u2019harmoniser les \u00e9l\u00e9ments essentiels des cadres de politique fiscale du secteur g\u00e9o-extractif dans la r\u00e9gion.&nbsp;<\/p>\n<p>Sa nouvelle \u00e9dition rassemble des experts, des officiels, des professionnels des industries mini\u00e8res et p\u00e9troli\u00e8res, ainsi que des responsables des PME, a indiqu\u00e9 la CEDEAO. \u00c0 l\u2019agenda de l\u2019ECOMOF 2022, figurent la probl\u00e9matique des investissements dans les industries extractives, les questions de conformit\u00e9 et de gestion environnementale, les politiques de contenu local et les strat\u00e9gies en mati\u00e8re des Sciences et de l\u2019Innovation. De plus, les participants se penchent sur des th\u00e9matiques telles que : la transformation des produits extraits, la prise en compte du genre pour une gouvernance inclusive du secteur extractif, la responsabilit\u00e9 soci\u00e9tale des entreprises et le d\u00e9veloppement durable, et l\u2019examen du potentiel g\u00e9ologique de certains \u00c9tats membres.<\/p>\n<p>&nbsp;<\/p>\n<\/section>\n<p><strong>Avec dpa-news<\/strong><\/p>\n<\/div>\n<\/div>\n","protected":false},"excerpt":{"rendered":"<p>Ce forum vise \u00e0 promouvoir le d\u00e9veloppement de l\u2019industrie mini\u00e8re et p\u00e9troli\u00e8re en Afrique de l\u2019Ouest. Il aborde \u00e9galement des th\u00e8mes tels que la responsabilit\u00e9 sociale et le d\u00e9veloppement durable. \u00ab Int\u00e9grer les industries mini\u00e8res et p\u00e9troli\u00e8res dans le d\u00e9veloppement des cha\u00eenes de valeur r\u00e9gionales \u00bb, tel est le th\u00e8me de la troisi\u00e8me \u00e9dition de [&hellip;]<\/p>\n","protected":false},"author":2,"featured_media":11799,"comment_status":"closed","ping_status":"closed","sticky":false,"template":"","format":"standard","meta":{"footnotes":""},"categories":[58],"tags":[],"class_list":{"0":"post-11798","1":"post","2":"type-post","3":"status-publish","4":"format-standard","5":"has-post-thumbnail","7":"category-societe"},"_links":{"self":[{"href":"https:\/\/conakrynews.org\/index.php\/wp-json\/wp\/v2\/posts\/11798","targetHints":{"allow":["GET"]}}],"collection":[{"href":"https:\/\/conakrynews.org\/index.php\/wp-json\/wp\/v2\/posts"}],"about":[{"href":"https:\/\/conakrynews.org\/index.php\/wp-json\/wp\/v2\/types\/post"}],"author":[{"embeddable":true,"href":"https:\/\/conakrynews.org\/index.php\/wp-json\/wp\/v2\/users\/2"}],"replies":[{"embeddable":true,"href":"https:\/\/conakrynews.org\/index.php\/wp-json\/wp\/v2\/comments?post=11798"}],"version-history":[{"count":0,"href":"https:\/\/conakrynews.org\/index.php\/wp-json\/wp\/v2\/posts\/11798\/revisions"}],"wp:featuredmedia":[{"embeddable":true,"href":"https:\/\/conakrynews.org\/index.php\/wp-json\/wp\/v2\/media\/11799"}],"wp:attachment":[{"href":"https:\/\/conakrynews.org\/index.php\/wp-json\/wp\/v2\/media?parent=11798"}],"wp:term":[{"taxonomy":"category","embeddable":true,"href":"https:\/\/conakrynews.org\/index.php\/wp-json\/wp\/v2\/categories?post=11798"},{"taxonomy":"post_tag","embeddable":true,"href":"https:\/\/conakrynews.org\/index.php\/wp-json\/wp\/v2\/tags?post=11798"}],"curies":[{"name":"wp","href":"https:\/\/api.w.org\/{rel}","templated":true}]}}